{"id":611,"date":"2017-01-25T21:58:02","date_gmt":"2017-01-25T20:58:02","guid":{"rendered":"https:\/\/blog.jena.de\/beteiligung\/?p=611"},"modified":"2017-07-05T08:56:41","modified_gmt":"2017-07-05T06:56:41","slug":"einladung-03-02-2017-buergerwerkstatt-digitale-stadt","status":"publish","type":"post","link":"https:\/\/blog.jena.de\/beteiligung\/2017\/01\/25\/einladung-03-02-2017-buergerwerkstatt-digitale-stadt\/","title":{"rendered":"Einladung &#8211; 03.02.2017 &#8211; B\u00fcrgerwerkstatt &#8222;Digitale Stadt&#8220;"},"content":{"rendered":"<p>Jena will den von der Bitkom ausgerufenen Wettbewerb &#8222;Digitale Stadt&#8220; gewinnen. Dazu brauchen wir Ihre Beteiligung.<\/p>\n<div class=\"event_detail_information\">\n<p>Am 3. Februar 2017 findet von 15:00 bis 18:00 Uhr die B\u00fcrgerwerkstatt &#8222;Digitale Stadt&#8220; im Historischen Rathaus, Markt 1, statt. Dazu l\u00e4dt das Projektteam herzlich ein.<\/p>\n<p><iframe loading=\"lazy\" width=\"900\" height=\"506\" src=\"https:\/\/www.youtube.com\/embed\/sGW37OqKfSA?feature=oembed\" frameborder=\"0\" allowfullscreen><\/iframe><\/p>\n<\/div>\n<div class=\"absatzbox\">\n<p>&nbsp;<\/p>\n<p>Bei der B\u00fcrgerwerkstatt soll der aktuelle Stand der Projektarbeit vorgestellt und in verschiedenen Workshops zu den folgenden\u00a0Schwerpunkten diskutiert werden:<\/p>\n<ul>\n<li>IT-Infrastruktur<\/li>\n<li>St\u00e4dtische Datenplattform<\/li>\n<li>Energie und Umwelt<\/li>\n<li>Verkehr<\/li>\n<li>Verwaltung<\/li>\n<li>Gesundheit<\/li>\n<li>Bildung<\/li>\n<li>Handel<\/li>\n<li>Sicherheit<\/li>\n<li>Gesellschaft<\/li>\n<li>Tourismus<\/li>\n<li>Industrie und Dienstleistung<\/li>\n<\/ul>\n<p>F\u00fcr die Planung der Veranstaltung wird um Anmeldung gebeten unter <a title=\"Bei kommunikation@jena.de zur B\u00fcrgerwerkstatt anmelden\" href=\"mailto:kommunikation@jena.de\"><span style=\"color: #0066cc\">kommunikation@jena.de<\/span><\/a>.<\/p>\n<h2>Die Bewerbung<strong><br \/>\n<\/strong><\/h2>\n<p>Bis zum 15. M\u00e4rz 2017 muss die fertige Bewerbung beim Bundesverband Informationswirtschaft, Telekommunikation und neue Medien e.V. (Bitkom) vorliegen. Rund 30 deutsche St\u00e4dte mit einer Gr\u00f6\u00dfe von 100.000 bis 150.000 Einwohnern sind aufgerufen, ihre Digitalisierungsprojekte einzureichen. Die Siegerstadt wird im Juni 2017 gek\u00fcrt und bei der Umsetzung ihrer Konzeption mit einem zweistelligen Millionenbetrag unterst\u00fctzt.<\/p>\n<p>\/ASE<\/p>\n<\/div>\n","protected":false},"excerpt":{"rendered":"<p>Jena will den von der Bitkom ausgerufenen Wettbewerb &#8222;Digitale Stadt&#8220; gewinnen. Dazu brauchen wir Ihre Beteiligung. Am 3. Februar 2017 findet von 15:00&hellip;<\/p>\n","protected":false},"author":14,"featured_media":616,"comment_status":"open","ping_status":"closed","sticky":false,"template":"","format":"standard","meta":{"footnotes":""},"categories":[2,1,3],"tags":[],"class_list":["post-611","post","type-post","status-publish","format-standard","has-post-thumbnail","hentry","category-aktuelles","category-allgemein","category-termine"],"_links":{"self":[{"href":"https:\/\/blog.jena.de\/beteiligung\/wp-json\/wp\/v2\/posts\/611","targetHints":{"allow":["GET"]}}],"collection":[{"href":"https:\/\/blog.jena.de\/beteiligung\/wp-json\/wp\/v2\/posts"}],"about":[{"href":"https:\/\/blog.jena.de\/beteiligung\/wp-json\/wp\/v2\/types\/post"}],"author":[{"embeddable":true,"href":"https:\/\/blog.jena.de\/beteiligung\/wp-json\/wp\/v2\/users\/14"}],"replies":[{"embeddable":true,"href":"https:\/\/blog.jena.de\/beteiligung\/wp-json\/wp\/v2\/comments?post=611"}],"version-history":[{"count":9,"href":"https:\/\/blog.jena.de\/beteiligung\/wp-json\/wp\/v2\/posts\/611\/revisions"}],"predecessor-version":[{"id":723,"href":"https:\/\/blog.jena.de\/beteiligung\/wp-json\/wp\/v2\/posts\/611\/revisions\/723"}],"wp:featuredmedia":[{"embeddable":true,"href":"https:\/\/blog.jena.de\/beteiligung\/wp-json\/wp\/v2\/media\/616"}],"wp:attachment":[{"href":"https:\/\/blog.jena.de\/beteiligung\/wp-json\/wp\/v2\/media?parent=611"}],"wp:term":[{"taxonomy":"category","embeddable":true,"href":"https:\/\/blog.jena.de\/beteiligung\/wp-json\/wp\/v2\/categories?post=611"},{"taxonomy":"post_tag","embeddable":true,"href":"https:\/\/blog.jena.de\/beteiligung\/wp-json\/wp\/v2\/tags?post=611"}],"curies":[{"name":"wp","href":"https:\/\/api.w.org\/{rel}","templated":true}]}}