{"id":477,"date":"2016-03-18T08:11:14","date_gmt":"2016-03-18T07:11:14","guid":{"rendered":"https:\/\/blog.jena.de\/beteiligung\/?p=477"},"modified":"2017-07-05T09:03:01","modified_gmt":"2017-07-05T07:03:01","slug":"4-sitzung-der-begleitgruppe-am-15-03-2016","status":"publish","type":"post","link":"https:\/\/blog.jena.de\/beteiligung\/2016\/03\/18\/4-sitzung-der-begleitgruppe-am-15-03-2016\/","title":{"rendered":"4. Sitzung der Begleitgruppe am 15.03.2016"},"content":{"rendered":"<p>Seit der letzten Sitzung im Dezember 2015 hatten sich die Mitglieder der Begleitgruppe intensiv mit dem ersten Entwurf des Leitlinienpapiers besch\u00e4ftigt. Aus den zahlreichen Stellungnahmen wurde durch Zebralog die aktuelle Version 2.0 erarbeitet. Die Sitzung wurde vor allem dazu genutzt, die Ber\u00fccksichtigung bzw. auch Nichtber\u00fccksichtigung von Anmerkungen und Anregungen zu diskutieren sowie die \u00f6ffentliche B\u00fcrgerwerkstatt vorzubereiten, die am 12.04.2016 im Volksbad stattfinden wird. Der aktuelle Arbeitsstand des Leitlinienpapiers wird in K\u00fcrze\u00a0in einem gesonderten Beitrag ver\u00f6ffentlicht.<\/p>\n<p>Weitere Informationen k\u00f6nnen Sie der <a href=\"https:\/\/blog.jena.de\/beteiligung\/wp-content\/uploads\/sites\/14\/2016\/03\/Pra\u0308sentation_Jena_4.Begleitgruppensitzung_20150315_Version_1.compressed.pdf\" target=\"_blank\" rel=\"noopener\">Pra\u0308sentation<\/a> zur Sitzung entnehmen. \/ASE<\/p>\n","protected":false},"excerpt":{"rendered":"<p>Seit der letzten Sitzung im Dezember 2015 hatten sich die Mitglieder der Begleitgruppe intensiv mit dem ersten Entwurf des Leitlinienpapiers besch\u00e4ftigt. Aus den&hellip;<\/p>\n","protected":false},"author":14,"featured_media":478,"comment_status":"open","ping_status":"closed","sticky":false,"template":"","format":"standard","meta":{"footnotes":""},"categories":[2,1],"tags":[],"class_list":["post-477","post","type-post","status-publish","format-standard","has-post-thumbnail","hentry","category-aktuelles","category-allgemein"],"_links":{"self":[{"href":"https:\/\/blog.jena.de\/beteiligung\/wp-json\/wp\/v2\/posts\/477","targetHints":{"allow":["GET"]}}],"collection":[{"href":"https:\/\/blog.jena.de\/beteiligung\/wp-json\/wp\/v2\/posts"}],"about":[{"href":"https:\/\/blog.jena.de\/beteiligung\/wp-json\/wp\/v2\/types\/post"}],"author":[{"embeddable":true,"href":"https:\/\/blog.jena.de\/beteiligung\/wp-json\/wp\/v2\/users\/14"}],"replies":[{"embeddable":true,"href":"https:\/\/blog.jena.de\/beteiligung\/wp-json\/wp\/v2\/comments?post=477"}],"version-history":[{"count":7,"href":"https:\/\/blog.jena.de\/beteiligung\/wp-json\/wp\/v2\/posts\/477\/revisions"}],"predecessor-version":[{"id":729,"href":"https:\/\/blog.jena.de\/beteiligung\/wp-json\/wp\/v2\/posts\/477\/revisions\/729"}],"wp:featuredmedia":[{"embeddable":true,"href":"https:\/\/blog.jena.de\/beteiligung\/wp-json\/wp\/v2\/media\/478"}],"wp:attachment":[{"href":"https:\/\/blog.jena.de\/beteiligung\/wp-json\/wp\/v2\/media?parent=477"}],"wp:term":[{"taxonomy":"category","embeddable":true,"href":"https:\/\/blog.jena.de\/beteiligung\/wp-json\/wp\/v2\/categories?post=477"},{"taxonomy":"post_tag","embeddable":true,"href":"https:\/\/blog.jena.de\/beteiligung\/wp-json\/wp\/v2\/tags?post=477"}],"curies":[{"name":"wp","href":"https:\/\/api.w.org\/{rel}","templated":true}]}}