{"id":463,"date":"2016-02-26T12:00:16","date_gmt":"2016-02-26T11:00:16","guid":{"rendered":"https:\/\/blog.jena.de\/beteiligung\/?p=463"},"modified":"2017-07-05T09:03:45","modified_gmt":"2017-07-05T07:03:45","slug":"buergerbeteiligung-jetzt-online-kompakt","status":"publish","type":"post","link":"https:\/\/blog.jena.de\/beteiligung\/2016\/02\/26\/buergerbeteiligung-jetzt-online-kompakt\/","title":{"rendered":"B\u00fcrgerbeteiligung jetzt online kompakt"},"content":{"rendered":"<p>Die Stadt Jena bietet zahlreiche Informationsm\u00f6glichkeiten und Beteiligungsangebote f\u00fcr Interessierte unterschiedlicher Altersgruppen auf ihrer Internetseite www.jena.de an. Auf der Seite <a href=\"http:\/\/www.jena.de\/buergerbeteiligung\" target=\"_blank\" rel=\"noopener\">B\u00fcrgerbeteiligung<\/a> sind die wichtigsten Informationsangebote auf einer Seite zusammengefasst.<\/p>\n<p>Hinweise und Erg\u00e4nzungsvorschl\u00e4ge senden Sie bitte gern an <a href=\"mailto:buergerbeteiligung@jena.de\" target=\"_blank\" rel=\"noopener\">buergerbeteiligung@jena.de<\/a>. \/ASE<\/p>\n","protected":false},"excerpt":{"rendered":"<p>Die Stadt Jena bietet zahlreiche Informationsm\u00f6glichkeiten und Beteiligungsangebote f\u00fcr Interessierte unterschiedlicher Altersgruppen auf ihrer Internetseite www.jena.de an. Auf der Seite B\u00fcrgerbeteiligung sind die&hellip;<\/p>\n","protected":false},"author":14,"featured_media":464,"comment_status":"open","ping_status":"closed","sticky":false,"template":"","format":"standard","meta":{"footnotes":""},"categories":[2,1],"tags":[],"class_list":["post-463","post","type-post","status-publish","format-standard","has-post-thumbnail","hentry","category-aktuelles","category-allgemein"],"_links":{"self":[{"href":"https:\/\/blog.jena.de\/beteiligung\/wp-json\/wp\/v2\/posts\/463","targetHints":{"allow":["GET"]}}],"collection":[{"href":"https:\/\/blog.jena.de\/beteiligung\/wp-json\/wp\/v2\/posts"}],"about":[{"href":"https:\/\/blog.jena.de\/beteiligung\/wp-json\/wp\/v2\/types\/post"}],"author":[{"embeddable":true,"href":"https:\/\/blog.jena.de\/beteiligung\/wp-json\/wp\/v2\/users\/14"}],"replies":[{"embeddable":true,"href":"https:\/\/blog.jena.de\/beteiligung\/wp-json\/wp\/v2\/comments?post=463"}],"version-history":[{"count":8,"href":"https:\/\/blog.jena.de\/beteiligung\/wp-json\/wp\/v2\/posts\/463\/revisions"}],"predecessor-version":[{"id":730,"href":"https:\/\/blog.jena.de\/beteiligung\/wp-json\/wp\/v2\/posts\/463\/revisions\/730"}],"wp:featuredmedia":[{"embeddable":true,"href":"https:\/\/blog.jena.de\/beteiligung\/wp-json\/wp\/v2\/media\/464"}],"wp:attachment":[{"href":"https:\/\/blog.jena.de\/beteiligung\/wp-json\/wp\/v2\/media?parent=463"}],"wp:term":[{"taxonomy":"category","embeddable":true,"href":"https:\/\/blog.jena.de\/beteiligung\/wp-json\/wp\/v2\/categories?post=463"},{"taxonomy":"post_tag","embeddable":true,"href":"https:\/\/blog.jena.de\/beteiligung\/wp-json\/wp\/v2\/tags?post=463"}],"curies":[{"name":"wp","href":"https:\/\/api.w.org\/{rel}","templated":true}]}}