{"id":950,"date":"2020-04-29T14:39:55","date_gmt":"2020-04-29T12:39:55","guid":{"rendered":"https:\/\/blog.jena.de\/baustellen\/?p=950"},"modified":"2020-04-29T14:39:57","modified_gmt":"2020-04-29T12:39:57","slug":"baufortschritt-tatzendpromenade-2","status":"publish","type":"post","link":"https:\/\/blog.jena.de\/baustellen\/2020\/04\/29\/baufortschritt-tatzendpromenade-2\/","title":{"rendered":"Baufortschritt Tatzendpromenade"},"content":{"rendered":"\n<p>Gegenw\u00e4rtig werden im 1. Bauabschnitt bis zum Berthold-Koch-Platz die Stra\u00dfenbau- arbeiten ausgef\u00fchrt. Gleichzeitig erfolgt in den Gehwegen die Neuverlegung der Mittelspannungs-, Telekommunikations- und Beleuchtungskabel sowie der Leerrohr- systeme. Im Anschluss daran, erfolgt die Befestigung der Gehwege mit einem Betonplattenbelag.<\/p>\n<p>Durch den Auftragnehmer zeitlich bedingt, kann der 1. Bauabschnitt bis zum Berthold-Koch-Platz erst am 08.05.2020 f\u00fcr den Verkehr freigegeben werden. Danach erfolgen die weiteren Baut\u00e4tigkeiten ab dem Berthold-Koch-Platz bis zur Lichtenhainer Stra\u00dfe.<\/p>\n<p>Zun\u00e4chst erfolgt der grundhafte Ausbau der \u00f6stlichen Fahrbahnseite, einschlie\u00dflich Abwasser-, Trinkwasser-, Gas- und Elektroleitungen.<\/p>\n<p>Der Fahrzeugverkehr wird halbseitig mittels einer Ampelanlage an der Baustelle vorbeigef\u00fchrt. Desweiteren ist die Otto-Schott-Stra\u00dfe f\u00fcr den KFZ-Verkehr nicht mehr \u00fcber die Tatzendpromenade zu erreichen.\u00a0 HT\/CD<\/p>\n","protected":false},"excerpt":{"rendered":"<p>Gegenw\u00e4rtig werden im 1. Bauabschnitt bis zum Berthold-Koch-Platz die Stra\u00dfenbau- arbeiten ausgef\u00fchrt. Gleichzeitig erfolgt in den Gehwegen die Neuverlegung der Mittelspannungs-, Telekommunikations- und&hellip;<\/p>\n","protected":false},"author":8,"featured_media":952,"comment_status":"open","ping_status":"closed","sticky":false,"template":"","format":"standard","meta":{"footnotes":""},"categories":[16],"tags":[],"class_list":["post-950","post","type-post","status-publish","format-standard","has-post-thumbnail","hentry","category-magdelstieg-tatzendpromenade"],"_links":{"self":[{"href":"https:\/\/blog.jena.de\/baustellen\/wp-json\/wp\/v2\/posts\/950","targetHints":{"allow":["GET"]}}],"collection":[{"href":"https:\/\/blog.jena.de\/baustellen\/wp-json\/wp\/v2\/posts"}],"about":[{"href":"https:\/\/blog.jena.de\/baustellen\/wp-json\/wp\/v2\/types\/post"}],"author":[{"embeddable":true,"href":"https:\/\/blog.jena.de\/baustellen\/wp-json\/wp\/v2\/users\/8"}],"replies":[{"embeddable":true,"href":"https:\/\/blog.jena.de\/baustellen\/wp-json\/wp\/v2\/comments?post=950"}],"version-history":[{"count":5,"href":"https:\/\/blog.jena.de\/baustellen\/wp-json\/wp\/v2\/posts\/950\/revisions"}],"predecessor-version":[{"id":956,"href":"https:\/\/blog.jena.de\/baustellen\/wp-json\/wp\/v2\/posts\/950\/revisions\/956"}],"wp:featuredmedia":[{"embeddable":true,"href":"https:\/\/blog.jena.de\/baustellen\/wp-json\/wp\/v2\/media\/952"}],"wp:attachment":[{"href":"https:\/\/blog.jena.de\/baustellen\/wp-json\/wp\/v2\/media?parent=950"}],"wp:term":[{"taxonomy":"category","embeddable":true,"href":"https:\/\/blog.jena.de\/baustellen\/wp-json\/wp\/v2\/categories?post=950"},{"taxonomy":"post_tag","embeddable":true,"href":"https:\/\/blog.jena.de\/baustellen\/wp-json\/wp\/v2\/tags?post=950"}],"curies":[{"name":"wp","href":"https:\/\/api.w.org\/{rel}","templated":true}]}}