{"id":861,"date":"2020-03-18T13:13:48","date_gmt":"2020-03-18T12:13:48","guid":{"rendered":"https:\/\/blog.jena.de\/baustellen\/?p=861"},"modified":"2020-04-01T08:45:56","modified_gmt":"2020-04-01T06:45:56","slug":"baufortschritt-tatzendpromenade","status":"publish","type":"post","link":"https:\/\/blog.jena.de\/baustellen\/2020\/03\/18\/baufortschritt-tatzendpromenade\/","title":{"rendered":"Baufortschritt Tatzendpromenade"},"content":{"rendered":"\n<p>Sehr geehrter Mangelmelder,<\/p>\n<p>das Baugeschehen liegt momentan im Zeitplan. Die zeitlichen Abl\u00e4ufe entsprechen unserer Ver\u00f6ffentlichung im Baustellenblog.<\/p>\n<p>F\u00fcr ca. Mitte Mai 2020 ist geplant den 1. Bauabschnitt von der Gustav-Fischer-Stra\u00dfe bis zum Berthold-Koch-Platz fertig zu stellen. Danach erfolgt die Verkehrsf\u00fchrung \u00fcber die bereits hergestellte Fahrbahn und Gehwege. Mittels einer Ampelanlage wird der Fahrzeugverkehr halbseitig am 2. Bauabschnitt vorbeigef\u00fchrt.<\/p>\n<p>Technologisch bedingt m\u00fcssen s\u00e4mtliche Rohrleitungsarbeiten bis zum Berthold-Koch-Platz durchgef\u00fchrt werden. Dazu geh\u00f6ren auch die Einbindungen in die vorhandenen Hauptleitungen und die Erneuerung der gesamten Hausanschl\u00fcsse.<\/p>\n<p>Wir k\u00f6nnen aus diesem Grund mit den Stra\u00dfenbauarbeiten erst nach vollst\u00e4ndigen Abschluss der Rohrleitungsarbeiten in diesem Bauabschnitt beginnen. <\/p>\n<p>Mit freundlichen Gr\u00fc\u00dfen<\/p>\n<p>Holger Tr\u00fcbner<br><br>SB Baudurchf\u00fchrung<\/p>\n<p>&nbsp;<\/p>\n<p>&nbsp;<\/p>\n","protected":false},"excerpt":{"rendered":"<p>Sehr geehrter Mangelmelder, das Baugeschehen liegt momentan im Zeitplan. Die zeitlichen Abl\u00e4ufe entsprechen unserer Ver\u00f6ffentlichung im Baustellenblog. F\u00fcr ca. Mitte Mai 2020 ist&hellip;<\/p>\n","protected":false},"author":8,"featured_media":865,"comment_status":"open","ping_status":"closed","sticky":false,"template":"","format":"standard","meta":{"footnotes":""},"categories":[16],"tags":[],"class_list":["post-861","post","type-post","status-publish","format-standard","has-post-thumbnail","hentry","category-magdelstieg-tatzendpromenade"],"_links":{"self":[{"href":"https:\/\/blog.jena.de\/baustellen\/wp-json\/wp\/v2\/posts\/861","targetHints":{"allow":["GET"]}}],"collection":[{"href":"https:\/\/blog.jena.de\/baustellen\/wp-json\/wp\/v2\/posts"}],"about":[{"href":"https:\/\/blog.jena.de\/baustellen\/wp-json\/wp\/v2\/types\/post"}],"author":[{"embeddable":true,"href":"https:\/\/blog.jena.de\/baustellen\/wp-json\/wp\/v2\/users\/8"}],"replies":[{"embeddable":true,"href":"https:\/\/blog.jena.de\/baustellen\/wp-json\/wp\/v2\/comments?post=861"}],"version-history":[{"count":4,"href":"https:\/\/blog.jena.de\/baustellen\/wp-json\/wp\/v2\/posts\/861\/revisions"}],"predecessor-version":[{"id":869,"href":"https:\/\/blog.jena.de\/baustellen\/wp-json\/wp\/v2\/posts\/861\/revisions\/869"}],"wp:featuredmedia":[{"embeddable":true,"href":"https:\/\/blog.jena.de\/baustellen\/wp-json\/wp\/v2\/media\/865"}],"wp:attachment":[{"href":"https:\/\/blog.jena.de\/baustellen\/wp-json\/wp\/v2\/media?parent=861"}],"wp:term":[{"taxonomy":"category","embeddable":true,"href":"https:\/\/blog.jena.de\/baustellen\/wp-json\/wp\/v2\/categories?post=861"},{"taxonomy":"post_tag","embeddable":true,"href":"https:\/\/blog.jena.de\/baustellen\/wp-json\/wp\/v2\/tags?post=861"}],"curies":[{"name":"wp","href":"https:\/\/api.w.org\/{rel}","templated":true}]}}