{"id":852,"date":"2019-12-20T07:27:55","date_gmt":"2019-12-20T06:27:55","guid":{"rendered":"https:\/\/blog.jena.de\/baustellen\/?p=852"},"modified":"2019-12-20T07:27:56","modified_gmt":"2019-12-20T06:27:56","slug":"abschluss-der-bauarbeiten","status":"publish","type":"post","link":"https:\/\/blog.jena.de\/baustellen\/2019\/12\/20\/abschluss-der-bauarbeiten\/","title":{"rendered":"Abschluss der Bauarbeiten"},"content":{"rendered":"\n<p>Die Bauarbeiten an der Br\u00fccke Erlanger Allee sind abgeschlossen.<\/p>\n<p>Die Lichtsignalanlagen an den Auffahrtsrampen werden in der 3. Januarwoche 2020 in Betrieb genommen.<\/p>\n<p>Baumpflanzungen und Gr\u00fcnfl\u00e4chengestaltung sollen die Ma\u00dfnahme im Jahr 2020 abschlie\u00dfen.<\/p>\n<p>Die Fertigstellung der Radwege sind im Anschluss der Br\u00fccke f\u00fcr das Jahr 2021 geplant. CD\/UG<\/p>\n<p>\u00a0<\/p>\n\n\n","protected":false},"excerpt":{"rendered":"<p>Die Bauarbeiten an der Br\u00fccke Erlanger Allee sind abgeschlossen. Die Lichtsignalanlagen an den Auffahrtsrampen werden in der 3. Januarwoche 2020 in Betrieb genommen.&hellip;<\/p>\n","protected":false},"author":8,"featured_media":752,"comment_status":"open","ping_status":"closed","sticky":false,"template":"","format":"standard","meta":{"footnotes":""},"categories":[9],"tags":[],"class_list":["post-852","post","type-post","status-publish","format-standard","has-post-thumbnail","hentry","category-bruecke-erlanger-allee-stadtrodaer-strasse"],"_links":{"self":[{"href":"https:\/\/blog.jena.de\/baustellen\/wp-json\/wp\/v2\/posts\/852","targetHints":{"allow":["GET"]}}],"collection":[{"href":"https:\/\/blog.jena.de\/baustellen\/wp-json\/wp\/v2\/posts"}],"about":[{"href":"https:\/\/blog.jena.de\/baustellen\/wp-json\/wp\/v2\/types\/post"}],"author":[{"embeddable":true,"href":"https:\/\/blog.jena.de\/baustellen\/wp-json\/wp\/v2\/users\/8"}],"replies":[{"embeddable":true,"href":"https:\/\/blog.jena.de\/baustellen\/wp-json\/wp\/v2\/comments?post=852"}],"version-history":[{"count":1,"href":"https:\/\/blog.jena.de\/baustellen\/wp-json\/wp\/v2\/posts\/852\/revisions"}],"predecessor-version":[{"id":853,"href":"https:\/\/blog.jena.de\/baustellen\/wp-json\/wp\/v2\/posts\/852\/revisions\/853"}],"wp:featuredmedia":[{"embeddable":true,"href":"https:\/\/blog.jena.de\/baustellen\/wp-json\/wp\/v2\/media\/752"}],"wp:attachment":[{"href":"https:\/\/blog.jena.de\/baustellen\/wp-json\/wp\/v2\/media?parent=852"}],"wp:term":[{"taxonomy":"category","embeddable":true,"href":"https:\/\/blog.jena.de\/baustellen\/wp-json\/wp\/v2\/categories?post=852"},{"taxonomy":"post_tag","embeddable":true,"href":"https:\/\/blog.jena.de\/baustellen\/wp-json\/wp\/v2\/tags?post=852"}],"curies":[{"name":"wp","href":"https:\/\/api.w.org\/{rel}","templated":true}]}}