{"id":848,"date":"2019-12-18T07:27:07","date_gmt":"2019-12-18T06:27:07","guid":{"rendered":"https:\/\/blog.jena.de\/baustellen\/?p=848"},"modified":"2019-12-18T07:27:08","modified_gmt":"2019-12-18T06:27:08","slug":"ersatzneubau-der-fussgaengerbruecke","status":"publish","type":"post","link":"https:\/\/blog.jena.de\/baustellen\/2019\/12\/18\/ersatzneubau-der-fussgaengerbruecke\/","title":{"rendered":"Ersatzneubau der Fu\u00dfg\u00e4ngerbr\u00fccke"},"content":{"rendered":"\n<p>Mit der Montage des schmiedeeisernen Schmuckgel\u00e4nders ist der Ersatzneubauder Fu\u00dfg\u00e4ngerbr\u00fccke \u00fcber die Leutra fertig gestellt.<\/p>\n<p>Der Ersatzbeubau aus Stahlbeton ist in Form und Gestaltung eine Hommage an die Vorg\u00e4ngerbr\u00fccke aus der Gr\u00fcnderzeit des Stadtviertels. Der Weg \u00fcber die Br\u00fccke ist bereits seit dem 21. November wieder passierbar.<\/p>\n<p>Aufgrund der N\u00e4he zur Baugrube musten 3 Laubb\u00e4ume gef\u00e4llt werden. Diese werden im Fr\u00fchjahr 2020 nachgepflanzt. CD\/MW&nbsp; &nbsp;<\/p>\n","protected":false},"excerpt":{"rendered":"<p>Mit der Montage des schmiedeeisernen Schmuckgel\u00e4nders ist der Ersatzneubauder Fu\u00dfg\u00e4ngerbr\u00fccke \u00fcber die Leutra fertig gestellt. Der Ersatzbeubau aus Stahlbeton ist in Form und&hellip;<\/p>\n","protected":false},"author":8,"featured_media":804,"comment_status":"open","ping_status":"closed","sticky":false,"template":"","format":"standard","meta":{"footnotes":""},"categories":[17],"tags":[],"class_list":["post-848","post","type-post","status-publish","format-standard","has-post-thumbnail","hentry","category-fussgaengerbruecke-ueber-die-leutra"],"_links":{"self":[{"href":"https:\/\/blog.jena.de\/baustellen\/wp-json\/wp\/v2\/posts\/848","targetHints":{"allow":["GET"]}}],"collection":[{"href":"https:\/\/blog.jena.de\/baustellen\/wp-json\/wp\/v2\/posts"}],"about":[{"href":"https:\/\/blog.jena.de\/baustellen\/wp-json\/wp\/v2\/types\/post"}],"author":[{"embeddable":true,"href":"https:\/\/blog.jena.de\/baustellen\/wp-json\/wp\/v2\/users\/8"}],"replies":[{"embeddable":true,"href":"https:\/\/blog.jena.de\/baustellen\/wp-json\/wp\/v2\/comments?post=848"}],"version-history":[{"count":3,"href":"https:\/\/blog.jena.de\/baustellen\/wp-json\/wp\/v2\/posts\/848\/revisions"}],"predecessor-version":[{"id":1123,"href":"https:\/\/blog.jena.de\/baustellen\/wp-json\/wp\/v2\/posts\/848\/revisions\/1123"}],"wp:featuredmedia":[{"embeddable":true,"href":"https:\/\/blog.jena.de\/baustellen\/wp-json\/wp\/v2\/media\/804"}],"wp:attachment":[{"href":"https:\/\/blog.jena.de\/baustellen\/wp-json\/wp\/v2\/media?parent=848"}],"wp:term":[{"taxonomy":"category","embeddable":true,"href":"https:\/\/blog.jena.de\/baustellen\/wp-json\/wp\/v2\/categories?post=848"},{"taxonomy":"post_tag","embeddable":true,"href":"https:\/\/blog.jena.de\/baustellen\/wp-json\/wp\/v2\/tags?post=848"}],"curies":[{"name":"wp","href":"https:\/\/api.w.org\/{rel}","templated":true}]}}