{"id":840,"date":"2019-11-20T13:50:43","date_gmt":"2019-11-20T12:50:43","guid":{"rendered":"https:\/\/blog.jena.de\/baustellen\/?p=840"},"modified":"2019-11-20T13:57:57","modified_gmt":"2019-11-20T12:57:57","slug":"verbesserung-bauablauf-stadtrodaer-strasse","status":"publish","type":"post","link":"https:\/\/blog.jena.de\/baustellen\/2019\/11\/20\/verbesserung-bauablauf-stadtrodaer-strasse\/","title":{"rendered":"Verbesserung Bauablauf Stadtrodaer Stra\u00dfe"},"content":{"rendered":"\n<p><strong>Die Stadt Jena teil mit:<\/strong><\/p>\n<p>die schwierigen Verkehrsverh\u00e4ltnisse auf der Stadtrodaer Stra\u00dfe waren Anlass, das Baustellenmanagement zu \u00fcberarbeiten und verkehrlich zu optimieren.<\/p>\n<ul>\n<li style=\"text-align: left\">\n<p>Die vorhandene Stra\u00dfenquerung auf der Fahrbahn stadteinw\u00e4rts wird bis \u00a021.11.2019 (Donnerstag) durch den Baubetrieb mit Asphalt geschlossen. Die zweite noch erforderliche Querung der Stadtrodaer Stra\u00dfe erfolgt erst im Jahr 2020.<\/p>\n<\/li>\n<li>\n<p>Am 22.11.2019 (Freitag) werden alle Fahrstreifen auf der Stadtrodaer Stra\u00dfe f\u00fcr den\u00a0flie\u00dfenden\u00a0Verkehr frei sein.<\/p>\n<\/li>\n<li>\n<p>Ab 25.11.2019 (Montag) bis 09.12.2019, wird auf der stadteinw\u00e4rtigen Richtungsfahrbahn nur der rechte Fahrstreifen im Bereich der S\u00fcdzufahrt gesperrt. Alle anderen Fahrstreifen bleiben frei. Diese Sperrung wird ben\u00f6tigt, um den Kabelgraben\u00a0stadteinw\u00e4rts rechts am Fahrbahnrand auszuheben und die Kabel zu verlegen.<\/p>\n<\/li>\n<li>\n<p>Im Zeitraum 09.12.2019 bis 20.12.2019 werden im Bereich der S\u00fcdzufahrt, die zum Mittelstreifen hin liegenden Fahrstreifen gesperrt, um die Mittelstreifenbefestigung f\u00fcr die k\u00fcnftige Linksabbiegespur in die S\u00fcdzufahrt herzustellen.<\/p>\n<\/li>\n<li>\n<p>Im Fr\u00fchjahr 2020 wird die s\u00fcdlich der S\u00fcdzufahrt liegende Kabelquerung \u00a0der stadteinw\u00e4rtigen Richtungsfahrbahn hergestellt. Dazu wird der stadteinw\u00e4rtige Verkehr nach der Einm\u00fcndung Neuw\u00f6llnitz \u00fcber die vorhandene Mittelstreifen\u00fcberfahrt auf die\u00a0Gegenfahrbahn gef\u00fchrt und direkt an der S\u00fcdzufahrt (\u00dcberfahrt wurde 09.12. bis 20.2019 hergestellt) zur\u00fcck gef\u00fchrt.<\/p>\n<\/li>\n<\/ul>\n<p>Mit dieser L\u00f6sung k\u00f6nnen wir die Verkehrsverh\u00e4ltnisse am schnellsten stabilisieren und haben am Freitag den 22.11.2019 zur Langen Nacht der Wissenschaften und zum Fu\u00dfballspiel schon eine freie Stadtrodaer Stra\u00dfe. Insgesamt wird der Verkehr bei diesen Verkehrsf\u00fchrungsvarianten auch wesentlich\u00a0fl\u00fcssiger laufen.<\/p>\n","protected":false},"excerpt":{"rendered":"<p>Die Stadt Jena teil mit: die schwierigen Verkehrsverh\u00e4ltnisse auf der Stadtrodaer Stra\u00dfe waren Anlass, das Baustellenmanagement zu \u00fcberarbeiten und verkehrlich zu optimieren. Die&hellip;<\/p>\n","protected":false},"author":8,"featured_media":752,"comment_status":"open","ping_status":"closed","sticky":false,"template":"","format":"standard","meta":{"footnotes":""},"categories":[9],"tags":[],"class_list":["post-840","post","type-post","status-publish","format-standard","has-post-thumbnail","hentry","category-bruecke-erlanger-allee-stadtrodaer-strasse"],"_links":{"self":[{"href":"https:\/\/blog.jena.de\/baustellen\/wp-json\/wp\/v2\/posts\/840","targetHints":{"allow":["GET"]}}],"collection":[{"href":"https:\/\/blog.jena.de\/baustellen\/wp-json\/wp\/v2\/posts"}],"about":[{"href":"https:\/\/blog.jena.de\/baustellen\/wp-json\/wp\/v2\/types\/post"}],"author":[{"embeddable":true,"href":"https:\/\/blog.jena.de\/baustellen\/wp-json\/wp\/v2\/users\/8"}],"replies":[{"embeddable":true,"href":"https:\/\/blog.jena.de\/baustellen\/wp-json\/wp\/v2\/comments?post=840"}],"version-history":[{"count":4,"href":"https:\/\/blog.jena.de\/baustellen\/wp-json\/wp\/v2\/posts\/840\/revisions"}],"predecessor-version":[{"id":846,"href":"https:\/\/blog.jena.de\/baustellen\/wp-json\/wp\/v2\/posts\/840\/revisions\/846"}],"wp:featuredmedia":[{"embeddable":true,"href":"https:\/\/blog.jena.de\/baustellen\/wp-json\/wp\/v2\/media\/752"}],"wp:attachment":[{"href":"https:\/\/blog.jena.de\/baustellen\/wp-json\/wp\/v2\/media?parent=840"}],"wp:term":[{"taxonomy":"category","embeddable":true,"href":"https:\/\/blog.jena.de\/baustellen\/wp-json\/wp\/v2\/categories?post=840"},{"taxonomy":"post_tag","embeddable":true,"href":"https:\/\/blog.jena.de\/baustellen\/wp-json\/wp\/v2\/tags?post=840"}],"curies":[{"name":"wp","href":"https:\/\/api.w.org\/{rel}","templated":true}]}}