{"id":831,"date":"2019-10-14T13:39:43","date_gmt":"2019-10-14T11:39:43","guid":{"rendered":"https:\/\/blog.jena.de\/baustellen\/?p=831"},"modified":"2019-10-14T13:39:44","modified_gmt":"2019-10-14T11:39:44","slug":"brueckenneubau-zwischen-neulobeda-west-und-ost-fuer-den-verkehr-freigegeben","status":"publish","type":"post","link":"https:\/\/blog.jena.de\/baustellen\/2019\/10\/14\/brueckenneubau-zwischen-neulobeda-west-und-ost-fuer-den-verkehr-freigegeben\/","title":{"rendered":"Br\u00fcckenneubau zwischen Neulobeda-West und -Ost f\u00fcr den Verkehr freigegeben"},"content":{"rendered":"\n<p class=\"article__paragraph p_1 \">Am 11. September 2019 konnte die neugebaute Br\u00fccke Karl-Marx-Allee \/ Erlanger Allee zwischen Neulobeda-West und -Ost f\u00fcr den Verkehr freigegeben werden.<\/p>\n<p class=\"article__paragraph p_1 \">Um die Behelfsbr\u00fccke zu demontieren wird es in der 45. Kalenderwoche (= 4. bis 8. November 2019 noch einmal eine Vollsperrung der darunter befindlichen Stadtrodaer Stra\u00dfe geben.<\/p>\n<div id=\"paywall-container\" class=\"paywall-ld-ident\">\n<p class=\"article__paragraph p_3 \">Die Vollsperrung wird in beiden Richtungen schon weitr\u00e4umig ausgeschildert, so dass die Umfahrung von der Autobahn oder aus der Stadt \u00fcber Burgau und G\u00f6schwitz schon eine teilweise Entlastung des gesperrten Knotens bewirken sollte. Zu verkehrsreichen Tageszeiten wird es vor\u00fcbergehend zu Behinderungen kommen.<\/p>\n<\/div>\n","protected":false},"excerpt":{"rendered":"<p>Am 11. September 2019 konnte die neugebaute Br\u00fccke Karl-Marx-Allee \/ Erlanger Allee zwischen Neulobeda-West und -Ost f\u00fcr den Verkehr freigegeben werden. Um die&hellip;<\/p>\n","protected":false},"author":8,"featured_media":832,"comment_status":"open","ping_status":"closed","sticky":false,"template":"","format":"standard","meta":{"footnotes":""},"categories":[9],"tags":[],"class_list":["post-831","post","type-post","status-publish","format-standard","has-post-thumbnail","hentry","category-bruecke-erlanger-allee-stadtrodaer-strasse"],"_links":{"self":[{"href":"https:\/\/blog.jena.de\/baustellen\/wp-json\/wp\/v2\/posts\/831","targetHints":{"allow":["GET"]}}],"collection":[{"href":"https:\/\/blog.jena.de\/baustellen\/wp-json\/wp\/v2\/posts"}],"about":[{"href":"https:\/\/blog.jena.de\/baustellen\/wp-json\/wp\/v2\/types\/post"}],"author":[{"embeddable":true,"href":"https:\/\/blog.jena.de\/baustellen\/wp-json\/wp\/v2\/users\/8"}],"replies":[{"embeddable":true,"href":"https:\/\/blog.jena.de\/baustellen\/wp-json\/wp\/v2\/comments?post=831"}],"version-history":[{"count":1,"href":"https:\/\/blog.jena.de\/baustellen\/wp-json\/wp\/v2\/posts\/831\/revisions"}],"predecessor-version":[{"id":833,"href":"https:\/\/blog.jena.de\/baustellen\/wp-json\/wp\/v2\/posts\/831\/revisions\/833"}],"wp:featuredmedia":[{"embeddable":true,"href":"https:\/\/blog.jena.de\/baustellen\/wp-json\/wp\/v2\/media\/832"}],"wp:attachment":[{"href":"https:\/\/blog.jena.de\/baustellen\/wp-json\/wp\/v2\/media?parent=831"}],"wp:term":[{"taxonomy":"category","embeddable":true,"href":"https:\/\/blog.jena.de\/baustellen\/wp-json\/wp\/v2\/categories?post=831"},{"taxonomy":"post_tag","embeddable":true,"href":"https:\/\/blog.jena.de\/baustellen\/wp-json\/wp\/v2\/tags?post=831"}],"curies":[{"name":"wp","href":"https:\/\/api.w.org\/{rel}","templated":true}]}}