{"id":826,"date":"2019-09-27T13:09:10","date_gmt":"2019-09-27T11:09:10","guid":{"rendered":"https:\/\/blog.jena.de\/baustellen\/?p=826"},"modified":"2019-09-27T13:09:10","modified_gmt":"2019-09-27T11:09:10","slug":"sperrung-lommerweg","status":"publish","type":"post","link":"https:\/\/blog.jena.de\/baustellen\/2019\/09\/27\/sperrung-lommerweg\/","title":{"rendered":"Sperrung Lommerweg"},"content":{"rendered":"\n<p>Im Zuge der fortschreitenden Arbeiten im Uferbereich muss der Lommerweg kurzfristig ab 30.09.2019 voll gesperrt werden. Fu\u00dfg\u00e4nger werden gebeten den Gehweg in der Jahnstra\u00dfe zu nutzen. \/SvM<\/p>\n","protected":false},"excerpt":{"rendered":"<p>Im Zuge der fortschreitenden Arbeiten im Uferbereich muss der Lommerweg kurzfristig ab 30.09.2019 voll gesperrt werden. Fu\u00dfg\u00e4nger werden gebeten den Gehweg in der&hellip;<\/p>\n","protected":false},"author":8,"featured_media":804,"comment_status":"open","ping_status":"closed","sticky":false,"template":"","format":"standard","meta":{"footnotes":""},"categories":[1,17],"tags":[],"class_list":["post-826","post","type-post","status-publish","format-standard","has-post-thumbnail","hentry","category-allgemein","category-fussgaengerbruecke-ueber-die-leutra"],"_links":{"self":[{"href":"https:\/\/blog.jena.de\/baustellen\/wp-json\/wp\/v2\/posts\/826","targetHints":{"allow":["GET"]}}],"collection":[{"href":"https:\/\/blog.jena.de\/baustellen\/wp-json\/wp\/v2\/posts"}],"about":[{"href":"https:\/\/blog.jena.de\/baustellen\/wp-json\/wp\/v2\/types\/post"}],"author":[{"embeddable":true,"href":"https:\/\/blog.jena.de\/baustellen\/wp-json\/wp\/v2\/users\/8"}],"replies":[{"embeddable":true,"href":"https:\/\/blog.jena.de\/baustellen\/wp-json\/wp\/v2\/comments?post=826"}],"version-history":[{"count":1,"href":"https:\/\/blog.jena.de\/baustellen\/wp-json\/wp\/v2\/posts\/826\/revisions"}],"predecessor-version":[{"id":827,"href":"https:\/\/blog.jena.de\/baustellen\/wp-json\/wp\/v2\/posts\/826\/revisions\/827"}],"wp:featuredmedia":[{"embeddable":true,"href":"https:\/\/blog.jena.de\/baustellen\/wp-json\/wp\/v2\/media\/804"}],"wp:attachment":[{"href":"https:\/\/blog.jena.de\/baustellen\/wp-json\/wp\/v2\/media?parent=826"}],"wp:term":[{"taxonomy":"category","embeddable":true,"href":"https:\/\/blog.jena.de\/baustellen\/wp-json\/wp\/v2\/categories?post=826"},{"taxonomy":"post_tag","embeddable":true,"href":"https:\/\/blog.jena.de\/baustellen\/wp-json\/wp\/v2\/tags?post=826"}],"curies":[{"name":"wp","href":"https:\/\/api.w.org\/{rel}","templated":true}]}}