{"id":817,"date":"2019-09-16T11:00:45","date_gmt":"2019-09-16T09:00:45","guid":{"rendered":"https:\/\/blog.jena.de\/baustellen\/?p=817"},"modified":"2019-09-16T11:00:45","modified_gmt":"2019-09-16T09:00:45","slug":"bruecke-erlanger-allee-sperrungen-auf-der-stadtrodaer-strasse","status":"publish","type":"post","link":"https:\/\/blog.jena.de\/baustellen\/2019\/09\/16\/bruecke-erlanger-allee-sperrungen-auf-der-stadtrodaer-strasse\/","title":{"rendered":"Br\u00fccke Erlanger Allee Sperrungen auf der Stadtrodaer Stra\u00dfe"},"content":{"rendered":"\n<p>F\u00fcr den R\u00fcckbau der Kappenschalung \u00fcber der Stadtrodaer Stra\u00dfe an der Br\u00fccke Erlanger Allee ist am 24.-27.09.2019 die Vollsperrung der Stadtrodaer Stra\u00dfe erforderlich.<\/p>\n<p>Eine weitere Sperrung wird in der 45.Kalenderwoche zum R\u00fcckbau der Behelfsbr\u00fccke erfolgen.<\/p>\n<p>Die Umleitung erfolgt stadteinw\u00e4rts \u00fcber den Kreisverkehr H\u00f6he Fair-Resort-Hotel und die Erlanger Allee durch Lobeda-Ost. Die Umleitung\u00a0des Verkehrs in Richtung Autobahn erfolgt \u00fcber die Auffahrtsrampe Lobeda-West und geradeaus wieder auf die Stadtrodaer Stra\u00dfe.<\/p>\n<p>Auf H\u00f6he der Kreuzung mit der Karl-Marx-Allee muss der Verkehr mit einer Baustellenampel geregelt werden.<\/p>\n<p>Die Vollsperrung wird in beiden Richtungen schon weitr\u00e4umig ausgeschildert, so dass die Umfahrung von der Autobahn oder aus der Stadt \u00fcber Burgau und G\u00f6schwitz schon eine teilweise Entlastung des gesperrten Knotens bewirken sollte. Zu verkehrsreichen Tageszeiten wird es auf Grund der Vollsperrung vor\u00fcbergehend zu Behinderungen kommen. CD<\/p>\n","protected":false},"excerpt":{"rendered":"<p>F\u00fcr den R\u00fcckbau der Kappenschalung \u00fcber der Stadtrodaer Stra\u00dfe an der Br\u00fccke Erlanger Allee ist am 24.-27.09.2019 die Vollsperrung der Stadtrodaer Stra\u00dfe erforderlich.&hellip;<\/p>\n","protected":false},"author":8,"featured_media":782,"comment_status":"open","ping_status":"closed","sticky":false,"template":"","format":"standard","meta":{"footnotes":""},"categories":[9],"tags":[],"class_list":["post-817","post","type-post","status-publish","format-standard","has-post-thumbnail","hentry","category-bruecke-erlanger-allee-stadtrodaer-strasse"],"_links":{"self":[{"href":"https:\/\/blog.jena.de\/baustellen\/wp-json\/wp\/v2\/posts\/817","targetHints":{"allow":["GET"]}}],"collection":[{"href":"https:\/\/blog.jena.de\/baustellen\/wp-json\/wp\/v2\/posts"}],"about":[{"href":"https:\/\/blog.jena.de\/baustellen\/wp-json\/wp\/v2\/types\/post"}],"author":[{"embeddable":true,"href":"https:\/\/blog.jena.de\/baustellen\/wp-json\/wp\/v2\/users\/8"}],"replies":[{"embeddable":true,"href":"https:\/\/blog.jena.de\/baustellen\/wp-json\/wp\/v2\/comments?post=817"}],"version-history":[{"count":4,"href":"https:\/\/blog.jena.de\/baustellen\/wp-json\/wp\/v2\/posts\/817\/revisions"}],"predecessor-version":[{"id":821,"href":"https:\/\/blog.jena.de\/baustellen\/wp-json\/wp\/v2\/posts\/817\/revisions\/821"}],"wp:featuredmedia":[{"embeddable":true,"href":"https:\/\/blog.jena.de\/baustellen\/wp-json\/wp\/v2\/media\/782"}],"wp:attachment":[{"href":"https:\/\/blog.jena.de\/baustellen\/wp-json\/wp\/v2\/media?parent=817"}],"wp:term":[{"taxonomy":"category","embeddable":true,"href":"https:\/\/blog.jena.de\/baustellen\/wp-json\/wp\/v2\/categories?post=817"},{"taxonomy":"post_tag","embeddable":true,"href":"https:\/\/blog.jena.de\/baustellen\/wp-json\/wp\/v2\/tags?post=817"}],"curies":[{"name":"wp","href":"https:\/\/api.w.org\/{rel}","templated":true}]}}