{"id":753,"date":"2019-03-26T15:00:57","date_gmt":"2019-03-26T14:00:57","guid":{"rendered":"https:\/\/blog.jena.de\/baustellen\/?p=753"},"modified":"2019-03-26T15:00:58","modified_gmt":"2019-03-26T14:00:58","slug":"freie-fahrt-stadtrodaer-strasse","status":"publish","type":"post","link":"https:\/\/blog.jena.de\/baustellen\/2019\/03\/26\/freie-fahrt-stadtrodaer-strasse\/","title":{"rendered":"Freie Fahrt &#8211; Stadtrodaer Stra\u00dfe"},"content":{"rendered":"\n<p>Es ist vollbracht! Seit dem 22.03.2019 ist die Stadtrodaer Stra\u00dfe wieder f\u00fcr den flie\u00dfenden Verkehr freigegeben. \/CD<\/p>\n","protected":false},"excerpt":{"rendered":"<p>Es ist vollbracht! Seit dem 22.03.2019 ist die Stadtrodaer Stra\u00dfe wieder f\u00fcr den flie\u00dfenden Verkehr freigegeben. \/CD<\/p>\n","protected":false},"author":8,"featured_media":752,"comment_status":"open","ping_status":"closed","sticky":false,"template":"","format":"standard","meta":{"footnotes":""},"categories":[9],"tags":[],"class_list":["post-753","post","type-post","status-publish","format-standard","has-post-thumbnail","hentry","category-bruecke-erlanger-allee-stadtrodaer-strasse"],"_links":{"self":[{"href":"https:\/\/blog.jena.de\/baustellen\/wp-json\/wp\/v2\/posts\/753","targetHints":{"allow":["GET"]}}],"collection":[{"href":"https:\/\/blog.jena.de\/baustellen\/wp-json\/wp\/v2\/posts"}],"about":[{"href":"https:\/\/blog.jena.de\/baustellen\/wp-json\/wp\/v2\/types\/post"}],"author":[{"embeddable":true,"href":"https:\/\/blog.jena.de\/baustellen\/wp-json\/wp\/v2\/users\/8"}],"replies":[{"embeddable":true,"href":"https:\/\/blog.jena.de\/baustellen\/wp-json\/wp\/v2\/comments?post=753"}],"version-history":[{"count":3,"href":"https:\/\/blog.jena.de\/baustellen\/wp-json\/wp\/v2\/posts\/753\/revisions"}],"predecessor-version":[{"id":756,"href":"https:\/\/blog.jena.de\/baustellen\/wp-json\/wp\/v2\/posts\/753\/revisions\/756"}],"wp:featuredmedia":[{"embeddable":true,"href":"https:\/\/blog.jena.de\/baustellen\/wp-json\/wp\/v2\/media\/752"}],"wp:attachment":[{"href":"https:\/\/blog.jena.de\/baustellen\/wp-json\/wp\/v2\/media?parent=753"}],"wp:term":[{"taxonomy":"category","embeddable":true,"href":"https:\/\/blog.jena.de\/baustellen\/wp-json\/wp\/v2\/categories?post=753"},{"taxonomy":"post_tag","embeddable":true,"href":"https:\/\/blog.jena.de\/baustellen\/wp-json\/wp\/v2\/tags?post=753"}],"curies":[{"name":"wp","href":"https:\/\/api.w.org\/{rel}","templated":true}]}}