{"id":678,"date":"2018-09-24T09:17:14","date_gmt":"2018-09-24T07:17:14","guid":{"rendered":"https:\/\/blog.jena.de\/baustellen\/?p=678"},"modified":"2018-09-24T09:17:14","modified_gmt":"2018-09-24T07:17:14","slug":"informationen-zum-bauablauf","status":"publish","type":"post","link":"https:\/\/blog.jena.de\/baustellen\/2018\/09\/24\/informationen-zum-bauablauf\/","title":{"rendered":"Informationen zum Bauablauf"},"content":{"rendered":"<p><u>Allgemein<\/u><\/p>\n<ul>\n<li>Fertigstellung der Pflasterarbeiten in n\u00f6rdlicher Zw\u00e4tzengasse und Zufahrt f\u00fcr Lieferfahrzeuge \u00fcber n\u00f6rdliche Zw\u00e4tzengasse mit Wendem\u00f6glichkeit an Kastanie<\/li>\n<li>Fertigstellung aller Leistungen f\u00fcr Stadtwerke Jena, Telekom, Vodafon<\/li>\n<li>September Stra\u00dfenbau in Ballhausgasse<\/li>\n<\/ul>\n<p><u>1. BA Zw\u00e4tzengasse nord <\/u><\/p>\n<ul>\n<li>Fertigstellung Hauptleistungen und Nutzung durch Anlieger- und Lieferverkehr<\/li>\n<li>Restarbeiten Stra\u00dfenbeleuchtung, Ausstattung \/Mobiliar<\/li>\n<\/ul>\n<p><u>2. BA Zw\u00e4tzengasse s\u00fcd <\/u><\/p>\n<ul>\n<li>Fertigstellung Stra\u00dfenbauarbeiten mit Einbau Dr\u00e4nasphalttragschicht bis Mitte September<\/li>\n<li>ab Ende August Beginn Pflasterarbeiten s\u00fcdlich Bereich Kastanie<\/li>\n<li>ab Mitte September Pflastereinbau zwischen Ballhausgasse und F\u00fcrstengraben<\/li>\n<li>Fertigstellung Pflaster Mitte Oktober<\/li>\n<li>Restarbeiten Stra\u00dfenbeleuchtung, Ausstattung\/Mobiliar<\/li>\n<\/ul>\n<p><u>3. BA Ballhausgasse <\/u><\/p>\n<ul>\n<li>Anfang September Beginn Stra\u00dfenbauarbeiten mit Bodenaushub und Einbau Tragschichte<\/li>\n<li>ab Ende September Einbau Pflasterrinnen<\/li>\n<li>Anfang Oktober Einbau Dr\u00e4nasphalttragschicht und Beginn Pflasterarbeiten<\/li>\n<\/ul>\n<p><u>Vorschau November:<\/u><\/p>\n<ul>\n<li>Fertigstellung Pflaster in Ballhausgasse<\/li>\n<li>Fertigstellung der Fassadenarbeiten f\u00fcr Stra\u00dfenbeleuchtung mit Wandleuchten und Restarbeiten Ausstattung\/Mobiliar<\/li>\n<\/ul>\n<p>\/CD<\/p>\n","protected":false},"excerpt":{"rendered":"<p>Allgemein Fertigstellung der Pflasterarbeiten in n\u00f6rdlicher Zw\u00e4tzengasse und Zufahrt f\u00fcr Lieferfahrzeuge \u00fcber n\u00f6rdliche Zw\u00e4tzengasse mit Wendem\u00f6glichkeit an Kastanie Fertigstellung aller Leistungen f\u00fcr Stadtwerke&hellip;<\/p>\n","protected":false},"author":8,"featured_media":679,"comment_status":"open","ping_status":"closed","sticky":false,"template":"","format":"standard","meta":{"footnotes":""},"categories":[11],"tags":[],"class_list":["post-678","post","type-post","status-publish","format-standard","has-post-thumbnail","hentry","category-zwaetzengasse-ballhausgasse"],"_links":{"self":[{"href":"https:\/\/blog.jena.de\/baustellen\/wp-json\/wp\/v2\/posts\/678","targetHints":{"allow":["GET"]}}],"collection":[{"href":"https:\/\/blog.jena.de\/baustellen\/wp-json\/wp\/v2\/posts"}],"about":[{"href":"https:\/\/blog.jena.de\/baustellen\/wp-json\/wp\/v2\/types\/post"}],"author":[{"embeddable":true,"href":"https:\/\/blog.jena.de\/baustellen\/wp-json\/wp\/v2\/users\/8"}],"replies":[{"embeddable":true,"href":"https:\/\/blog.jena.de\/baustellen\/wp-json\/wp\/v2\/comments?post=678"}],"version-history":[{"count":4,"href":"https:\/\/blog.jena.de\/baustellen\/wp-json\/wp\/v2\/posts\/678\/revisions"}],"predecessor-version":[{"id":683,"href":"https:\/\/blog.jena.de\/baustellen\/wp-json\/wp\/v2\/posts\/678\/revisions\/683"}],"wp:featuredmedia":[{"embeddable":true,"href":"https:\/\/blog.jena.de\/baustellen\/wp-json\/wp\/v2\/media\/679"}],"wp:attachment":[{"href":"https:\/\/blog.jena.de\/baustellen\/wp-json\/wp\/v2\/media?parent=678"}],"wp:term":[{"taxonomy":"category","embeddable":true,"href":"https:\/\/blog.jena.de\/baustellen\/wp-json\/wp\/v2\/categories?post=678"},{"taxonomy":"post_tag","embeddable":true,"href":"https:\/\/blog.jena.de\/baustellen\/wp-json\/wp\/v2\/tags?post=678"}],"curies":[{"name":"wp","href":"https:\/\/api.w.org\/{rel}","templated":true}]}}