{"id":635,"date":"2018-09-03T11:42:38","date_gmt":"2018-09-03T09:42:38","guid":{"rendered":"https:\/\/blog.jena.de\/baustellen\/?p=635"},"modified":"2018-09-03T11:42:38","modified_gmt":"2018-09-03T09:42:38","slug":"neubau-strassenbahn-jena-nord-mit-ausbau-der-naumburger-strasse","status":"publish","type":"post","link":"https:\/\/blog.jena.de\/baustellen\/2018\/09\/03\/neubau-strassenbahn-jena-nord-mit-ausbau-der-naumburger-strasse\/","title":{"rendered":"Neubau Stra\u00dfenbahn Jena-Nord mit Ausbau der Naumburger Stra\u00dfe"},"content":{"rendered":"<p>&nbsp;<\/p>\n<p>Es ist vorgesehen, die Arbeiten zum Neubau der Stra\u00dfenbahn und dem Ausbau der Naumburger Stra\u00dfe am 10.09.2018 aufzunehmen. Die Arbeiten dazu werden von der Arbeitsgemeinschaft Neubau Stra\u00dfenbahn Streicher GmbH &amp; Co KG\/TS Bau Niederlassung Jena ausgef\u00fchrt.<\/p>\n<p>W\u00e4hrend der Bauarbeiten wird die Naumburger Stra\u00dfe zwischen der Kreuzung Camburger Stra\u00dfe\/ Naumburger Stra\u00dfe und der Einm\u00fcndung Maria-Pawlowna-Stra\u00dfe\/ Naumburger Stra\u00dfe f\u00fcr den Durchgangsverkehr gesperrt. In Abh\u00e4ngigkeit von den jeweiligen Bauzust\u00e4nden soll f\u00fcr die Anwohner eine Zufahrtsm\u00f6glichkeit erm\u00f6glicht werden.<\/p>\n<p>Wegen der Erneuerung der Br\u00fccke \u00fcber den Steinbach wird auch die Durchfahrt von der Stra\u00dfe Am Steinbach in die Stra\u00dfe Am Rautal nicht m\u00f6glich sein. Die Erreichbarkeit des Ortsteils L\u00f6bstedt wird \u00fcber die Abfahrt von der Wiesenstra\u00dfe \u00fcber die Stra\u00dfe Am Steinbach zur Hirtengasse erm\u00f6glicht.<\/p>\n<p>Die Umleitungsf\u00fchrung f\u00fcr den aus Richtung Camburg kommenden Verkehr ins Stadtzentrum wird \u00fcber die Br\u00fcckenstra\u00dfe und Wiesenstra\u00dfe erfolgen.<\/p>\n<p>Die Anfahrt zum Kaufland wird \u00fcber Naumburger Stra\u00dfe\/Erich-Kuithan-Str gew\u00e4hrleistet. Anlieger erreichen die Innenstadt \u00fcber die Maria-Pawlowna-Stra\u00dfe\/ Flurweg\/ Schreckenbachweg\/ Am Steinbach\/ Erich-Kuithan-Str.\/ Zitzmann-Stra\u00dfe\/ Naumburger Stra\u00dfe.<\/p>\n<p>Die Erreichbarkeit des Kindergartens Flurweg und der Schulen aus Richtung Camburg ist \u00fcber den gesamten Zeitraum gew\u00e4hrleistet.<\/p>\n<p>Die Stra\u00dfenbahn verkehrt bis bzw. ab Zitzmannstra\u00dfe. Bis zur Wendeschleife wird ein Schienenersatzverkehr eingerichtet. Die Erreichbarkeit der Schulen f\u00fcr den Sch\u00fclerverkehr ist gew\u00e4hrleistet.<\/p>\n<p>\u00dcber sich ergebende M\u00f6glichkeiten zur Verbesserungen der Umleitungsf\u00fchrung in Abh\u00e4ngigkeit vom Baufortschritt wird informiert.<\/p>\n<p>Die Fu\u00dfg\u00e4ngerumleitungsf\u00fchrung wird gegenw\u00e4rtig im Fachdienst Verkehrsorganisation abgestimmt.<\/p>\n","protected":false},"excerpt":{"rendered":"<p>&nbsp; Es ist vorgesehen, die Arbeiten zum Neubau der Stra\u00dfenbahn und dem Ausbau der Naumburger Stra\u00dfe am 10.09.2018 aufzunehmen. Die Arbeiten dazu werden&hellip;<\/p>\n","protected":false},"author":8,"featured_media":576,"comment_status":"open","ping_status":"closed","sticky":false,"template":"","format":"standard","meta":{"footnotes":""},"categories":[14],"tags":[],"class_list":["post-635","post","type-post","status-publish","format-standard","has-post-thumbnail","hentry","category-strassenbahnverlaengerung-nord-naumburger-strasse"],"_links":{"self":[{"href":"https:\/\/blog.jena.de\/baustellen\/wp-json\/wp\/v2\/posts\/635","targetHints":{"allow":["GET"]}}],"collection":[{"href":"https:\/\/blog.jena.de\/baustellen\/wp-json\/wp\/v2\/posts"}],"about":[{"href":"https:\/\/blog.jena.de\/baustellen\/wp-json\/wp\/v2\/types\/post"}],"author":[{"embeddable":true,"href":"https:\/\/blog.jena.de\/baustellen\/wp-json\/wp\/v2\/users\/8"}],"replies":[{"embeddable":true,"href":"https:\/\/blog.jena.de\/baustellen\/wp-json\/wp\/v2\/comments?post=635"}],"version-history":[{"count":1,"href":"https:\/\/blog.jena.de\/baustellen\/wp-json\/wp\/v2\/posts\/635\/revisions"}],"predecessor-version":[{"id":636,"href":"https:\/\/blog.jena.de\/baustellen\/wp-json\/wp\/v2\/posts\/635\/revisions\/636"}],"wp:featuredmedia":[{"embeddable":true,"href":"https:\/\/blog.jena.de\/baustellen\/wp-json\/wp\/v2\/media\/576"}],"wp:attachment":[{"href":"https:\/\/blog.jena.de\/baustellen\/wp-json\/wp\/v2\/media?parent=635"}],"wp:term":[{"taxonomy":"category","embeddable":true,"href":"https:\/\/blog.jena.de\/baustellen\/wp-json\/wp\/v2\/categories?post=635"},{"taxonomy":"post_tag","embeddable":true,"href":"https:\/\/blog.jena.de\/baustellen\/wp-json\/wp\/v2\/tags?post=635"}],"curies":[{"name":"wp","href":"https:\/\/api.w.org\/{rel}","templated":true}]}}