{"id":632,"date":"2018-09-03T11:34:59","date_gmt":"2018-09-03T09:34:59","guid":{"rendered":"https:\/\/blog.jena.de\/baustellen\/?p=632"},"modified":"2018-09-03T11:34:59","modified_gmt":"2018-09-03T09:34:59","slug":"anwohnerinfo","status":"publish","type":"post","link":"https:\/\/blog.jena.de\/baustellen\/2018\/09\/03\/anwohnerinfo\/","title":{"rendered":"Anwohnerinfo"},"content":{"rendered":"<p>Wir m\u00f6chten Sie informieren, dass der zweite Bauabschnitt zwischen der Theo Neubauer Stra\u00dfe und der St. Jacob Stra\u00dfe in der in der Zeit vom 04. \u2013 05.09.2018 voll gesperrt werden mu\u00df. Grund ist die Sondierung nach Munitionsmittel\u00a0 in der Fahrbahn auf der H\u00f6he Haus Nr. 4.<\/p>\n<p>Bis auf weiteres bleibt die Baustelle fu\u00dfl\u00e4ufig \u00a0passierbar. Zum 06.09.2018 soll die Fahrbahn halbseitig wieder ge\u00f6ffnet werden.<\/p>\n<p>In dieser Zeit kann die Erreichbarkeit der Grundst\u00fccke mit Fahrzeugen nicht immer gew\u00e4hrleistet werden, im Einzelfall ist dieses mit dem Polier vor Ort zu besprechen.<\/p>\n<p>Wir hoffen auf Ihr Verst\u00e4ndnis und werden versuchen die Beeintr\u00e4chtigungen so gering wie m\u00f6glich zu halten.<\/p>\n<p>Zu R\u00fcckfragen wenden Sie sich bitte an:<\/p>\n<p><strong>Bauleitung:<\/strong>\u00a0\u00a0\u00a0\u00a0\u00a0\u00a0\u00a0 Herr Caspar\u00a0\u00a0\u00a0\u00a0\u00a0\u00a0\u00a0\u00a0\u00a0\u00a0\u00a0\u00a0\u00a0\u00a0\u00a0\u00a0\u00a0\u00a0\u00a0 \u00a0 0163\/7707986<\/p>\n<p>Polier:\u00a0\u00a0\u00a0\u00a0\u00a0\u00a0\u00a0\u00a0\u00a0\u00a0\u00a0\u00a0\u00a0\u00a0\u00a0\u00a0\u00a0 Herr Reinhardt\u00a0\u00a0\u00a0\u00a0\u00a0\u00a0\u00a0\u00a0\u00a0\u00a0\u00a0\u00a0\u00a0\u00a0\u00a0\u00a0 0178\/7709211<\/p>\n<p>&nbsp;<\/p>\n<p>CD<\/p>\n","protected":false},"excerpt":{"rendered":"<p>Wir m\u00f6chten Sie informieren, dass der zweite Bauabschnitt zwischen der Theo Neubauer Stra\u00dfe und der St. Jacob Stra\u00dfe in der in der Zeit&hellip;<\/p>\n","protected":false},"author":8,"featured_media":448,"comment_status":"open","ping_status":"closed","sticky":false,"template":"","format":"standard","meta":{"footnotes":""},"categories":[1],"tags":[],"class_list":["post-632","post","type-post","status-publish","format-standard","has-post-thumbnail","hentry","category-allgemein"],"_links":{"self":[{"href":"https:\/\/blog.jena.de\/baustellen\/wp-json\/wp\/v2\/posts\/632","targetHints":{"allow":["GET"]}}],"collection":[{"href":"https:\/\/blog.jena.de\/baustellen\/wp-json\/wp\/v2\/posts"}],"about":[{"href":"https:\/\/blog.jena.de\/baustellen\/wp-json\/wp\/v2\/types\/post"}],"author":[{"embeddable":true,"href":"https:\/\/blog.jena.de\/baustellen\/wp-json\/wp\/v2\/users\/8"}],"replies":[{"embeddable":true,"href":"https:\/\/blog.jena.de\/baustellen\/wp-json\/wp\/v2\/comments?post=632"}],"version-history":[{"count":2,"href":"https:\/\/blog.jena.de\/baustellen\/wp-json\/wp\/v2\/posts\/632\/revisions"}],"predecessor-version":[{"id":634,"href":"https:\/\/blog.jena.de\/baustellen\/wp-json\/wp\/v2\/posts\/632\/revisions\/634"}],"wp:featuredmedia":[{"embeddable":true,"href":"https:\/\/blog.jena.de\/baustellen\/wp-json\/wp\/v2\/media\/448"}],"wp:attachment":[{"href":"https:\/\/blog.jena.de\/baustellen\/wp-json\/wp\/v2\/media?parent=632"}],"wp:term":[{"taxonomy":"category","embeddable":true,"href":"https:\/\/blog.jena.de\/baustellen\/wp-json\/wp\/v2\/categories?post=632"},{"taxonomy":"post_tag","embeddable":true,"href":"https:\/\/blog.jena.de\/baustellen\/wp-json\/wp\/v2\/tags?post=632"}],"curies":[{"name":"wp","href":"https:\/\/api.w.org\/{rel}","templated":true}]}}