{"id":584,"date":"2018-07-30T10:16:33","date_gmt":"2018-07-30T08:16:33","guid":{"rendered":"https:\/\/blog.jena.de\/baustellen\/?p=584"},"modified":"2018-07-30T10:19:17","modified_gmt":"2018-07-30T08:19:17","slug":"bruecke-erlanger-allee-vollsperrung-der-stadtrodaer-strasse-dauert-noch-bis-mittwoch","status":"publish","type":"post","link":"https:\/\/blog.jena.de\/baustellen\/2018\/07\/30\/bruecke-erlanger-allee-vollsperrung-der-stadtrodaer-strasse-dauert-noch-bis-mittwoch\/","title":{"rendered":"Br\u00fccke Erlanger Allee: Vollsperrung der Stadtrodaer Stra\u00dfe dauert noch bis Mittwoch"},"content":{"rendered":"<p>Der Abriss der alten Stra\u00dfenbr\u00fccke zwischen und Neulobeda-West und -Ost ben\u00f6tigt doch noch ein paar Tage mehr Baufreiheit, als urspr\u00fcnglich vorgesehen. F\u00fcr die beantragte Verl\u00e4ngerung der Sperrung bis zum Mittwoch, den 01. August 2018, 18.00 Uhr  hat die Stadt Jena ihre Zustimmung erteilt.<\/p>\n<p>CD<\/p>\n","protected":false},"excerpt":{"rendered":"<p>Der Abriss der alten Stra\u00dfenbr\u00fccke zwischen und Neulobeda-West und -Ost ben\u00f6tigt doch noch ein paar Tage mehr Baufreiheit, als urspr\u00fcnglich vorgesehen. F\u00fcr die&hellip;<\/p>\n","protected":false},"author":8,"featured_media":532,"comment_status":"open","ping_status":"closed","sticky":false,"template":"","format":"standard","meta":{"footnotes":""},"categories":[9],"tags":[],"class_list":["post-584","post","type-post","status-publish","format-standard","has-post-thumbnail","hentry","category-bruecke-erlanger-allee-stadtrodaer-strasse"],"_links":{"self":[{"href":"https:\/\/blog.jena.de\/baustellen\/wp-json\/wp\/v2\/posts\/584","targetHints":{"allow":["GET"]}}],"collection":[{"href":"https:\/\/blog.jena.de\/baustellen\/wp-json\/wp\/v2\/posts"}],"about":[{"href":"https:\/\/blog.jena.de\/baustellen\/wp-json\/wp\/v2\/types\/post"}],"author":[{"embeddable":true,"href":"https:\/\/blog.jena.de\/baustellen\/wp-json\/wp\/v2\/users\/8"}],"replies":[{"embeddable":true,"href":"https:\/\/blog.jena.de\/baustellen\/wp-json\/wp\/v2\/comments?post=584"}],"version-history":[{"count":1,"href":"https:\/\/blog.jena.de\/baustellen\/wp-json\/wp\/v2\/posts\/584\/revisions"}],"predecessor-version":[{"id":586,"href":"https:\/\/blog.jena.de\/baustellen\/wp-json\/wp\/v2\/posts\/584\/revisions\/586"}],"wp:featuredmedia":[{"embeddable":true,"href":"https:\/\/blog.jena.de\/baustellen\/wp-json\/wp\/v2\/media\/532"}],"wp:attachment":[{"href":"https:\/\/blog.jena.de\/baustellen\/wp-json\/wp\/v2\/media?parent=584"}],"wp:term":[{"taxonomy":"category","embeddable":true,"href":"https:\/\/blog.jena.de\/baustellen\/wp-json\/wp\/v2\/categories?post=584"},{"taxonomy":"post_tag","embeddable":true,"href":"https:\/\/blog.jena.de\/baustellen\/wp-json\/wp\/v2\/tags?post=584"}],"curies":[{"name":"wp","href":"https:\/\/api.w.org\/{rel}","templated":true}]}}