{"id":527,"date":"2018-06-12T13:37:10","date_gmt":"2018-06-12T11:37:10","guid":{"rendered":"https:\/\/blog.jena.de\/baustellen\/?p=527"},"modified":"2018-06-13T08:02:10","modified_gmt":"2018-06-13T06:02:10","slug":"vollsperrung-der-stadtrodaer-strasse-vom-13-06-bis-17-06-2018","status":"publish","type":"post","link":"https:\/\/blog.jena.de\/baustellen\/2018\/06\/12\/vollsperrung-der-stadtrodaer-strasse-vom-13-06-bis-17-06-2018\/","title":{"rendered":"Vollsperrung der Stadtrodaer Stra\u00dfe vom 13.06. bis 17.06.2018"},"content":{"rendered":"<p>Von Mittwoch, 13.06. bis voraussichtlich Sonntag, 17.06.2018 wird die Stadtrodaer Stra\u00dfe in beiden Richtungen auf Grund der Montagearbeiten f\u00fcr die Behelfsbr\u00fccke voll gesperrt.<\/p>\n<p>Die Umleitung erfolgt stadteinw\u00e4rts \u00fcber den Kreisverkehr H\u00f6he Fair-Resort-Hotel und die Erlanger Allee durch Lobeda-Ost. Die Zufahrt aus Richtung Autobahn zu den Wohngebieten Lobeda-Ost und \u2013West ist ab dem Nachmittag des 12.06. wieder \u00fcber die s\u00fcd\u00f6stlich der Br\u00fccke gelegene Auffahrtsrampe m\u00f6glich, die in den letzten Wochen gebaut wurde.<\/p>\n<p>Die Umleitung\u00a0 des Verkehrs in Richtung Autobahn erfolgt \u00fcber die Auffahrtsrampe Lobeda-West und geradeaus wieder auf die Stadtrodaer Stra\u00dfe. Auf H\u00f6he der Kreuzung mit der Karl-Marx-Allee muss der Verkehr mit einer Baustellenampel geregelt werden. Ebenso sind die Zufahrten zu den Wohngebieten Lobeda Ost und \u2013West, aus Richtung Stadtzentrum kommend, nur \u00fcber eine der ausgeschilderten Umleitungen zu erreichen.<\/p>\n<p>Die Vollsperrung wird in beiden Richtungen schon weitr\u00e4umig ausgeschildert, so dass die Umfahrung von der Autobahn oder aus der Stadt \u00fcber Burgau und G\u00f6schwitz schon eine teilweise Entlastung des gesperrten Knotens bewirken sollte.<\/p>\n<p>Zu verkehrsreichen Tageszeiten wird es auf Grund der Vollsperrung vor\u00fcbergehend zu erheblichen Behinderungen kommen.<\/p>\n<p>CD<\/p>\n","protected":false},"excerpt":{"rendered":"<p>Von Mittwoch, 13.06. bis voraussichtlich Sonntag, 17.06.2018 wird die Stadtrodaer Stra\u00dfe in beiden Richtungen auf Grund der Montagearbeiten f\u00fcr die Behelfsbr\u00fccke voll gesperrt.&hellip;<\/p>\n","protected":false},"author":8,"featured_media":532,"comment_status":"open","ping_status":"closed","sticky":false,"template":"","format":"standard","meta":{"footnotes":""},"categories":[9],"tags":[],"class_list":["post-527","post","type-post","status-publish","format-standard","has-post-thumbnail","hentry","category-bruecke-erlanger-allee-stadtrodaer-strasse"],"_links":{"self":[{"href":"https:\/\/blog.jena.de\/baustellen\/wp-json\/wp\/v2\/posts\/527","targetHints":{"allow":["GET"]}}],"collection":[{"href":"https:\/\/blog.jena.de\/baustellen\/wp-json\/wp\/v2\/posts"}],"about":[{"href":"https:\/\/blog.jena.de\/baustellen\/wp-json\/wp\/v2\/types\/post"}],"author":[{"embeddable":true,"href":"https:\/\/blog.jena.de\/baustellen\/wp-json\/wp\/v2\/users\/8"}],"replies":[{"embeddable":true,"href":"https:\/\/blog.jena.de\/baustellen\/wp-json\/wp\/v2\/comments?post=527"}],"version-history":[{"count":1,"href":"https:\/\/blog.jena.de\/baustellen\/wp-json\/wp\/v2\/posts\/527\/revisions"}],"predecessor-version":[{"id":530,"href":"https:\/\/blog.jena.de\/baustellen\/wp-json\/wp\/v2\/posts\/527\/revisions\/530"}],"wp:featuredmedia":[{"embeddable":true,"href":"https:\/\/blog.jena.de\/baustellen\/wp-json\/wp\/v2\/media\/532"}],"wp:attachment":[{"href":"https:\/\/blog.jena.de\/baustellen\/wp-json\/wp\/v2\/media?parent=527"}],"wp:term":[{"taxonomy":"category","embeddable":true,"href":"https:\/\/blog.jena.de\/baustellen\/wp-json\/wp\/v2\/categories?post=527"},{"taxonomy":"post_tag","embeddable":true,"href":"https:\/\/blog.jena.de\/baustellen\/wp-json\/wp\/v2\/tags?post=527"}],"curies":[{"name":"wp","href":"https:\/\/api.w.org\/{rel}","templated":true}]}}