{"id":504,"date":"2018-05-15T13:23:27","date_gmt":"2018-05-15T11:23:27","guid":{"rendered":"https:\/\/blog.jena.de\/baustellen\/?p=504"},"modified":"2018-05-15T13:24:06","modified_gmt":"2018-05-15T11:24:06","slug":"laufende-bautaetigkeit-aktuelle-informationen-und-kommende-sperrungen","status":"publish","type":"post","link":"https:\/\/blog.jena.de\/baustellen\/2018\/05\/15\/laufende-bautaetigkeit-aktuelle-informationen-und-kommende-sperrungen\/","title":{"rendered":"Laufende Baut\u00e4tigkeit: Aktuelle Informationen und kommende Sperrungen"},"content":{"rendered":"<p>Aktuell laufen im Zuge der Bauma\u00dfnahme &#8222;Br\u00fccke Erlanger Allee\/Stadtrodaer Stra\u00dfe&#8220; die Arbeiten zur Herstellung der Behelfsbr\u00fccken-Unterbauten sowie der Ausbau der s\u00fcd\u00f6stlichen Auffahrtsrampe.<\/p>\n<figure id=\"attachment_505\" aria-describedby=\"caption-attachment-505\" style=\"width: 500px\" class=\"wp-caption aligncenter\"><img loading=\"lazy\" decoding=\"async\" class=\"size-medium wp-image-505\" src=\"https:\/\/blog.jena.de\/baustellen\/wp-content\/uploads\/sites\/20\/2018\/05\/baustellen-laufende-bautaetigkeit-aktuelle-informationen-und-kommende-sperrungen-img-3816-500x375.jpg\" alt=\"Zu sehen sind vorbereitende Ma\u00dfnahmen zur Errichtung der Behelfsbr\u00fccke, im Hintergrund die (zu erneuernde) Br\u00fccke Erlanger Allee\" width=\"500\" height=\"375\" srcset=\"https:\/\/blog.jena.de\/baustellen\/wp-content\/uploads\/sites\/20\/2018\/05\/baustellen-laufende-bautaetigkeit-aktuelle-informationen-und-kommende-sperrungen-img-3816-500x375.jpg 500w, https:\/\/blog.jena.de\/baustellen\/wp-content\/uploads\/sites\/20\/2018\/05\/baustellen-laufende-bautaetigkeit-aktuelle-informationen-und-kommende-sperrungen-img-3816.jpg 640w\" sizes=\"auto, (max-width: 500px) 100vw, 500px\" \/><figcaption id=\"caption-attachment-505\" class=\"wp-caption-text\">KSJ<\/figcaption><\/figure>\n<figure id=\"attachment_506\" aria-describedby=\"caption-attachment-506\" style=\"width: 500px\" class=\"wp-caption aligncenter\"><img loading=\"lazy\" decoding=\"async\" class=\"size-medium wp-image-506\" src=\"https:\/\/blog.jena.de\/baustellen\/wp-content\/uploads\/sites\/20\/2018\/05\/baustellen-laufende-bautaetigkeit-aktuelle-informationen-und-kommende-sperrungen-img-3817-500x375.jpg\" alt=\"Bauarbeiten Br\u00fccke Erlanger Allee: Auffahrt zur Behelfsbr\u00fccke\" width=\"500\" height=\"375\" srcset=\"https:\/\/blog.jena.de\/baustellen\/wp-content\/uploads\/sites\/20\/2018\/05\/baustellen-laufende-bautaetigkeit-aktuelle-informationen-und-kommende-sperrungen-img-3817-500x375.jpg 500w, https:\/\/blog.jena.de\/baustellen\/wp-content\/uploads\/sites\/20\/2018\/05\/baustellen-laufende-bautaetigkeit-aktuelle-informationen-und-kommende-sperrungen-img-3817.jpg 640w\" sizes=\"auto, (max-width: 500px) 100vw, 500px\" \/><figcaption id=\"caption-attachment-506\" class=\"wp-caption-text\">KSJ<\/figcaption><\/figure>\n<h2>Voraussichtliche Sperrungen der kommenden Monate<\/h2>\n<p>Ab der 20. KW (14.5.-20.5.) sind die Auffahrten nach Lobeda-Ost und -West aus Richtung S\u00fcden f\u00fcr ca. 4 Wochen voll gesperrt, da die Fahrbahnen umgebaut werden. Die Umleitung der Zufahrten erfolgt \u00fcber den Kreisverkehr in H\u00f6he des Fair-Resort Hotels. Die Zufahrten aus Richtung Stadtmitte \u00a0sind von den Sperrungen nicht betroffen.<\/p>\n<p>Zur Herstellung des Mittelpfeilers der Behelfsbr\u00fccke m\u00fcssen ab der 21. KW die Fahrspuren der Stadtrodaer Stra\u00dfe reduziert werden. Es wird dabei in den verkehrsreichen Tageszeiten zu Beeintr\u00e4chtigungen kommen.<\/p>\n<p>In der 24. KW ist eine Vollsperrung der Stadtrodaer Stra\u00dfe f\u00fcr ca. 5 Tage (13.6.-17.6.) erforderlich, da der \u00dcberbau der Behelfsbr\u00fccke montiert wird. Der Verkehr wird dann kurzzeitig stadtausw\u00e4rts \u00fcber die Auffahrtsrampe Lobeda-West und stadteinw\u00e4rts \u00fcber die Erlanger Allee umgeleitet.<\/p>\n<p>Eine weitere Vollsperrung der Stadtrodaer Stra\u00dfe f\u00fcr ca. 1 Woche ist in der Ferienzeit Ende Juli zum Abriss der alten Br\u00fccke geplant.<\/p>\n<p>Zum Aufbau der Lichtsignalanlagen an der Auffahrt Lobeda-West aus Richtung Stadt kann es im Laufe des Jahres noch zu lokalen Sperrungen in diesem Bereich kommen.<\/p>\n<p>F\u00fcr den Rest des Jahres 2018 (August bis Dezember) werden die Bauarbeiten an Widerlagern und Pfeilern der neuen Br\u00fccke ausgef\u00fchrt, weitere Vollsperrungen sind in dieser Zeit nicht vorgesehen.<\/p>\n<p>\/AE<\/p>\n","protected":false},"excerpt":{"rendered":"<p>Aktuell laufen im Zuge der Bauma\u00dfnahme &#8222;Br\u00fccke Erlanger Allee\/Stadtrodaer Stra\u00dfe&#8220; die Arbeiten zur Herstellung der Behelfsbr\u00fccken-Unterbauten sowie der Ausbau der s\u00fcd\u00f6stlichen Auffahrtsrampe. Voraussichtliche&hellip;<\/p>\n","protected":false},"author":8,"featured_media":464,"comment_status":"open","ping_status":"closed","sticky":false,"template":"","format":"standard","meta":{"footnotes":""},"categories":[9],"tags":[],"class_list":["post-504","post","type-post","status-publish","format-standard","has-post-thumbnail","hentry","category-bruecke-erlanger-allee-stadtrodaer-strasse"],"_links":{"self":[{"href":"https:\/\/blog.jena.de\/baustellen\/wp-json\/wp\/v2\/posts\/504","targetHints":{"allow":["GET"]}}],"collection":[{"href":"https:\/\/blog.jena.de\/baustellen\/wp-json\/wp\/v2\/posts"}],"about":[{"href":"https:\/\/blog.jena.de\/baustellen\/wp-json\/wp\/v2\/types\/post"}],"author":[{"embeddable":true,"href":"https:\/\/blog.jena.de\/baustellen\/wp-json\/wp\/v2\/users\/8"}],"replies":[{"embeddable":true,"href":"https:\/\/blog.jena.de\/baustellen\/wp-json\/wp\/v2\/comments?post=504"}],"version-history":[{"count":2,"href":"https:\/\/blog.jena.de\/baustellen\/wp-json\/wp\/v2\/posts\/504\/revisions"}],"predecessor-version":[{"id":518,"href":"https:\/\/blog.jena.de\/baustellen\/wp-json\/wp\/v2\/posts\/504\/revisions\/518"}],"wp:featuredmedia":[{"embeddable":true,"href":"https:\/\/blog.jena.de\/baustellen\/wp-json\/wp\/v2\/media\/464"}],"wp:attachment":[{"href":"https:\/\/blog.jena.de\/baustellen\/wp-json\/wp\/v2\/media?parent=504"}],"wp:term":[{"taxonomy":"category","embeddable":true,"href":"https:\/\/blog.jena.de\/baustellen\/wp-json\/wp\/v2\/categories?post=504"},{"taxonomy":"post_tag","embeddable":true,"href":"https:\/\/blog.jena.de\/baustellen\/wp-json\/wp\/v2\/tags?post=504"}],"curies":[{"name":"wp","href":"https:\/\/api.w.org\/{rel}","templated":true}]}}