{"id":499,"date":"2018-05-04T10:46:54","date_gmt":"2018-05-04T08:46:54","guid":{"rendered":"https:\/\/blog.jena.de\/baustellen\/?p=499"},"modified":"2018-05-04T10:46:54","modified_gmt":"2018-05-04T08:46:54","slug":"anwohnerinformation-des-bauunternehmens","status":"publish","type":"post","link":"https:\/\/blog.jena.de\/baustellen\/2018\/05\/04\/anwohnerinformation-des-bauunternehmens\/","title":{"rendered":"Anwohnerinformation des Bauunternehmens"},"content":{"rendered":"<p><a href=\"https:\/\/blog.jena.de\/baustellen\/wp-content\/uploads\/sites\/20\/2018\/05\/baustellen-anwohnerinformationen-des-bauunternehmens-anwohnerinfo-thomas-mann-str.pdf\">HIER (klick!)<\/a> finden Sie die Anwohnerinformation der Fa. Thomas Kr\u00fcger Bauunternehmung GmbH f\u00fcr die Bauma\u00dfnahme in der Thomas-Mann-Stra\u00dfe von Nollendorfer Stra\u00dfe bis St. Jacob-Stra\u00dfe.<\/p>\n<p>Die Baustelleneinrichtung erfolgt ab dem 07.05.2018. Alle weiteren Informationen entnehmen Sie dem Flyer.<\/p>\n<p>\/AE<\/p>\n","protected":false},"excerpt":{"rendered":"<p>HIER (klick!) finden Sie die Anwohnerinformation der Fa. Thomas Kr\u00fcger Bauunternehmung GmbH f\u00fcr die Bauma\u00dfnahme in der Thomas-Mann-Stra\u00dfe von Nollendorfer Stra\u00dfe bis St.&hellip;<\/p>\n","protected":false},"author":8,"featured_media":444,"comment_status":"open","ping_status":"closed","sticky":false,"template":"","format":"standard","meta":{"footnotes":""},"categories":[15],"tags":[],"class_list":["post-499","post","type-post","status-publish","format-standard","has-post-thumbnail","hentry","category-thomas-mann-strasse"],"_links":{"self":[{"href":"https:\/\/blog.jena.de\/baustellen\/wp-json\/wp\/v2\/posts\/499","targetHints":{"allow":["GET"]}}],"collection":[{"href":"https:\/\/blog.jena.de\/baustellen\/wp-json\/wp\/v2\/posts"}],"about":[{"href":"https:\/\/blog.jena.de\/baustellen\/wp-json\/wp\/v2\/types\/post"}],"author":[{"embeddable":true,"href":"https:\/\/blog.jena.de\/baustellen\/wp-json\/wp\/v2\/users\/8"}],"replies":[{"embeddable":true,"href":"https:\/\/blog.jena.de\/baustellen\/wp-json\/wp\/v2\/comments?post=499"}],"version-history":[{"count":2,"href":"https:\/\/blog.jena.de\/baustellen\/wp-json\/wp\/v2\/posts\/499\/revisions"}],"predecessor-version":[{"id":502,"href":"https:\/\/blog.jena.de\/baustellen\/wp-json\/wp\/v2\/posts\/499\/revisions\/502"}],"wp:featuredmedia":[{"embeddable":true,"href":"https:\/\/blog.jena.de\/baustellen\/wp-json\/wp\/v2\/media\/444"}],"wp:attachment":[{"href":"https:\/\/blog.jena.de\/baustellen\/wp-json\/wp\/v2\/media?parent=499"}],"wp:term":[{"taxonomy":"category","embeddable":true,"href":"https:\/\/blog.jena.de\/baustellen\/wp-json\/wp\/v2\/categories?post=499"},{"taxonomy":"post_tag","embeddable":true,"href":"https:\/\/blog.jena.de\/baustellen\/wp-json\/wp\/v2\/tags?post=499"}],"curies":[{"name":"wp","href":"https:\/\/api.w.org\/{rel}","templated":true}]}}