{"id":173,"date":"2017-04-20T10:19:06","date_gmt":"2017-04-20T08:19:06","guid":{"rendered":"https:\/\/blog.jena.de\/baustellen\/?p=173"},"modified":"2017-04-21T08:05:22","modified_gmt":"2017-04-21T06:05:22","slug":"informationen-erst-nach-ende-des-vergabeverfahrens","status":"publish","type":"post","link":"https:\/\/blog.jena.de\/baustellen\/2017\/04\/20\/informationen-erst-nach-ende-des-vergabeverfahrens\/","title":{"rendered":"Informationen erst nach Ende des Vergabeverfahrens"},"content":{"rendered":"<p>Wir bitten Sie, sich im Fall der Bauma\u00dfnahme Wiesenstra\u00dfe\/Angerkreuzung noch etwas zu gedulden, bis auf unserem Blog Informationen ver\u00f6ffentlicht werden. Das Vergabeverfahren f\u00fcr die grundhafte Erneuerung der Wiesenstra\u00dfe (von der Kreuzung am Anger bis zur Grenze des Sanierungsgebietes) ist noch nicht abgeschlossen.<\/p>\n<p>Erste Informationen, vor allem f\u00fcr betroffene Grundst\u00fcckseigent\u00fcmer k\u00f6nnen Sie auch unserem Stra\u00dfenbaubeitragsblog entnehmen, z.b. unter: <a href=\"https:\/\/blog.jena.de\/strassenbaubeitraege\/2017\/01\/31\/1890-begonnen-und-2017-vorerst-beendet-die-historie-der-wiesenstrasse\/\" target=\"_blank\" rel=\"noopener noreferrer\">Stra\u00dfenbaubeitragsblog: Wiesenstra\u00dfe<\/a>. Auf der rechten Seite des Stra\u00dfenbaubeitragsblogs k\u00f6nnen Sie auch den Suchbegriff &#8222;Wiesenstra\u00dfe&#8220; eingeben um weitere Artikel zu finden (z.B. dazugeh\u00f6rige Beschlussvorlagen).<\/p>\n","protected":false},"excerpt":{"rendered":"<p>Wir bitten Sie, sich im Fall der Bauma\u00dfnahme Wiesenstra\u00dfe\/Angerkreuzung noch etwas zu gedulden, bis auf unserem Blog Informationen ver\u00f6ffentlicht werden. Das Vergabeverfahren f\u00fcr&hellip;<\/p>\n","protected":false},"author":8,"featured_media":200,"comment_status":"open","ping_status":"closed","sticky":false,"template":"","format":"standard","meta":{"footnotes":""},"categories":[7],"tags":[],"class_list":["post-173","post","type-post","status-publish","format-standard","has-post-thumbnail","hentry","category-wiesenstrasse"],"_links":{"self":[{"href":"https:\/\/blog.jena.de\/baustellen\/wp-json\/wp\/v2\/posts\/173","targetHints":{"allow":["GET"]}}],"collection":[{"href":"https:\/\/blog.jena.de\/baustellen\/wp-json\/wp\/v2\/posts"}],"about":[{"href":"https:\/\/blog.jena.de\/baustellen\/wp-json\/wp\/v2\/types\/post"}],"author":[{"embeddable":true,"href":"https:\/\/blog.jena.de\/baustellen\/wp-json\/wp\/v2\/users\/8"}],"replies":[{"embeddable":true,"href":"https:\/\/blog.jena.de\/baustellen\/wp-json\/wp\/v2\/comments?post=173"}],"version-history":[{"count":5,"href":"https:\/\/blog.jena.de\/baustellen\/wp-json\/wp\/v2\/posts\/173\/revisions"}],"predecessor-version":[{"id":229,"href":"https:\/\/blog.jena.de\/baustellen\/wp-json\/wp\/v2\/posts\/173\/revisions\/229"}],"wp:featuredmedia":[{"embeddable":true,"href":"https:\/\/blog.jena.de\/baustellen\/wp-json\/wp\/v2\/media\/200"}],"wp:attachment":[{"href":"https:\/\/blog.jena.de\/baustellen\/wp-json\/wp\/v2\/media?parent=173"}],"wp:term":[{"taxonomy":"category","embeddable":true,"href":"https:\/\/blog.jena.de\/baustellen\/wp-json\/wp\/v2\/categories?post=173"},{"taxonomy":"post_tag","embeddable":true,"href":"https:\/\/blog.jena.de\/baustellen\/wp-json\/wp\/v2\/tags?post=173"}],"curies":[{"name":"wp","href":"https:\/\/api.w.org\/{rel}","templated":true}]}}