{"id":1478,"date":"2024-03-27T14:43:43","date_gmt":"2024-03-27T13:43:43","guid":{"rendered":"https:\/\/blog.jena.de\/baustellen\/?p=1478"},"modified":"2024-03-27T14:43:44","modified_gmt":"2024-03-27T13:43:44","slug":"arbeiten-zum-2-bauabschnitt-in-der-dammstrasse-angelaufen","status":"publish","type":"post","link":"https:\/\/blog.jena.de\/baustellen\/2024\/03\/27\/arbeiten-zum-2-bauabschnitt-in-der-dammstrasse-angelaufen\/","title":{"rendered":"Arbeiten zum 2. Bauabschnitt in der Dammstra\u00dfe angelaufen"},"content":{"rendered":"\n<p>(Jena, den 27.03.2024 \/ UK \/ SvM) Wie bereits im 1. Abschnitt werden nun auch im Bereich zwischen Schenkstra\u00dfe und Charlottenstra\u00dfe die Versorgungsleitungen erneuert. Um Risse in den angrenzenden Geb\u00e4uden durch Setzungen w\u00e4hrend der Tiefbauarbeiten zu verhindern, werden deren Fundamente stabilisiert.<\/p>\n\n\n\n<p>Die Arbeiten beginnen einseitig und nacheinander im Bereich der alten Fu\u00dfwege. Danach folgt der Bereich des alten Stra\u00dfenk\u00f6rpers. Ebenfalls betroffen ist der angrenzende Anschnitt der Borngasse. Auf Grund der beengten Verh\u00e4ltnisse sind dort sogar Sonderma\u00dfnahmen (Grabenverbau, s. Bild) erforderlich.<\/p>\n\n\n\n<p>Nach Abschluss der vorgenannten Arbeiten erfolgt der eigentliche Stra\u00dfenbau. Die Pflasterung der Fl\u00e4che erfolgt analog der des ersten Bauabschnittes.<\/p>\n\n\n\n<p>Der Kommunalservice dankt Ihnen f\u00fcr Ihre Geduld und Ihr Verst\u00e4ndnis f\u00fcr die Einschr\u00e4nkungen, welche durch die Bauma\u00dfnahme entstehen.<\/p>\n","protected":false},"excerpt":{"rendered":"<p>(Jena, den 27.03.2024 \/ UK \/ SvM) Wie bereits im 1. Abschnitt werden nun auch im Bereich zwischen Schenkstra\u00dfe und Charlottenstra\u00dfe die Versorgungsleitungen&hellip;<\/p>\n","protected":false},"author":8,"featured_media":1479,"comment_status":"open","ping_status":"closed","sticky":false,"template":"","format":"standard","meta":{"footnotes":""},"categories":[1,28],"tags":[],"class_list":["post-1478","post","type-post","status-publish","format-standard","has-post-thumbnail","hentry","category-allgemein","category-dammstrasse"],"_links":{"self":[{"href":"https:\/\/blog.jena.de\/baustellen\/wp-json\/wp\/v2\/posts\/1478","targetHints":{"allow":["GET"]}}],"collection":[{"href":"https:\/\/blog.jena.de\/baustellen\/wp-json\/wp\/v2\/posts"}],"about":[{"href":"https:\/\/blog.jena.de\/baustellen\/wp-json\/wp\/v2\/types\/post"}],"author":[{"embeddable":true,"href":"https:\/\/blog.jena.de\/baustellen\/wp-json\/wp\/v2\/users\/8"}],"replies":[{"embeddable":true,"href":"https:\/\/blog.jena.de\/baustellen\/wp-json\/wp\/v2\/comments?post=1478"}],"version-history":[{"count":1,"href":"https:\/\/blog.jena.de\/baustellen\/wp-json\/wp\/v2\/posts\/1478\/revisions"}],"predecessor-version":[{"id":1480,"href":"https:\/\/blog.jena.de\/baustellen\/wp-json\/wp\/v2\/posts\/1478\/revisions\/1480"}],"wp:featuredmedia":[{"embeddable":true,"href":"https:\/\/blog.jena.de\/baustellen\/wp-json\/wp\/v2\/media\/1479"}],"wp:attachment":[{"href":"https:\/\/blog.jena.de\/baustellen\/wp-json\/wp\/v2\/media?parent=1478"}],"wp:term":[{"taxonomy":"category","embeddable":true,"href":"https:\/\/blog.jena.de\/baustellen\/wp-json\/wp\/v2\/categories?post=1478"},{"taxonomy":"post_tag","embeddable":true,"href":"https:\/\/blog.jena.de\/baustellen\/wp-json\/wp\/v2\/tags?post=1478"}],"curies":[{"name":"wp","href":"https:\/\/api.w.org\/{rel}","templated":true}]}}