{"id":1274,"date":"2023-06-01T14:11:37","date_gmt":"2023-06-01T12:11:37","guid":{"rendered":"https:\/\/blog.jena.de\/baustellen\/?p=1274"},"modified":"2023-06-01T14:11:37","modified_gmt":"2023-06-01T12:11:37","slug":"beendigung-der-baumassnahme-ammerbacherbruecke","status":"publish","type":"post","link":"https:\/\/blog.jena.de\/baustellen\/2023\/06\/01\/beendigung-der-baumassnahme-ammerbacherbruecke\/","title":{"rendered":"Beendigung der Bauma\u00dfnahme Ammerbacherbr\u00fccke"},"content":{"rendered":"\n<p>(Jena, den 01.06.2023 \/ UB \/ SvM) Die Bauarbeiten zum Neubau der Br\u00fccke \u00fcber den Ammerbach sind am 26.05.2023 vollst\u00e4ndig abgeschlossen wurden. Im Zuge der Bauma\u00dfnahme wurde das mittlerweile 114 Jahre alte und marode Br\u00fcckenbauwerke abgebrochen und komplett neu hergestellt.<\/p>\n<p>Um eine langfristige Nutzung zu gew\u00e4hrleisten, wurde der Br\u00fcckenverlauf verl\u00e4ngert und ein gr\u00f6\u00dferer Wasserdurchfluss des Ammerbachs realisiert. Damit wurde auch den erh\u00f6hten Anspr\u00fcchen des Hochwasserschutz gerecht.<\/p>\n<p>Daf\u00fcr erfolgte eine geringf\u00fcgige Anpassung des Stra\u00dfenverlaufes der Ahornstra\u00dfe. Die Ahornstra\u00dfe ist nun wieder ohne Einschr\u00e4nkung vollst\u00e4ndig befahrbar und f\u00fcr den \u00f6ffentlichen Verkehr freigegeben.<\/p>\n","protected":false},"excerpt":{"rendered":"<p>(Jena, den 01.06.2023 \/ UB \/ SvM) Die Bauarbeiten zum Neubau der Br\u00fccke \u00fcber den Ammerbach sind am 26.05.2023 vollst\u00e4ndig abgeschlossen wurden. Im&hellip;<\/p>\n","protected":false},"author":8,"featured_media":1275,"comment_status":"open","ping_status":"closed","sticky":false,"template":"","format":"standard","meta":{"footnotes":""},"categories":[1,24],"tags":[],"class_list":["post-1274","post","type-post","status-publish","format-standard","has-post-thumbnail","hentry","category-allgemein","category-ahoernstrasse"],"_links":{"self":[{"href":"https:\/\/blog.jena.de\/baustellen\/wp-json\/wp\/v2\/posts\/1274","targetHints":{"allow":["GET"]}}],"collection":[{"href":"https:\/\/blog.jena.de\/baustellen\/wp-json\/wp\/v2\/posts"}],"about":[{"href":"https:\/\/blog.jena.de\/baustellen\/wp-json\/wp\/v2\/types\/post"}],"author":[{"embeddable":true,"href":"https:\/\/blog.jena.de\/baustellen\/wp-json\/wp\/v2\/users\/8"}],"replies":[{"embeddable":true,"href":"https:\/\/blog.jena.de\/baustellen\/wp-json\/wp\/v2\/comments?post=1274"}],"version-history":[{"count":1,"href":"https:\/\/blog.jena.de\/baustellen\/wp-json\/wp\/v2\/posts\/1274\/revisions"}],"predecessor-version":[{"id":1276,"href":"https:\/\/blog.jena.de\/baustellen\/wp-json\/wp\/v2\/posts\/1274\/revisions\/1276"}],"wp:featuredmedia":[{"embeddable":true,"href":"https:\/\/blog.jena.de\/baustellen\/wp-json\/wp\/v2\/media\/1275"}],"wp:attachment":[{"href":"https:\/\/blog.jena.de\/baustellen\/wp-json\/wp\/v2\/media?parent=1274"}],"wp:term":[{"taxonomy":"category","embeddable":true,"href":"https:\/\/blog.jena.de\/baustellen\/wp-json\/wp\/v2\/categories?post=1274"},{"taxonomy":"post_tag","embeddable":true,"href":"https:\/\/blog.jena.de\/baustellen\/wp-json\/wp\/v2\/tags?post=1274"}],"curies":[{"name":"wp","href":"https:\/\/api.w.org\/{rel}","templated":true}]}}