{"id":1249,"date":"2023-04-24T11:55:49","date_gmt":"2023-04-24T09:55:49","guid":{"rendered":"https:\/\/blog.jena.de\/baustellen\/?p=1249"},"modified":"2023-04-28T12:46:32","modified_gmt":"2023-04-28T10:46:32","slug":"bushaltestelle-erlanger-allee","status":"publish","type":"post","link":"https:\/\/blog.jena.de\/baustellen\/2023\/04\/24\/bushaltestelle-erlanger-allee\/","title":{"rendered":"Bushaltestelle Erlanger Allee"},"content":{"rendered":"\n<p>(Jena, den 24.04.2023 \/ UB \/ SvM) Die Arbeiten an der Bushaltestelle \u201eUniversit\u00e4tsklinikum\u201c auf H\u00f6he des Salvador-Allende-Platzes haben am 17.04.2023 begonnen.<\/p>\n<p>Der Kraft- sowie Radverkehr wird auf einer Verkehrsspur an der Baustelle vorbei geleitet. Zu Fu\u00df ist die Baustelle weiterhin passierbar. Eine Ersatzhaltestelle wurde im Vorfeld der Baustelle durch den Jenaer Nahverkehr eingerichtet.<\/p>\n<p>Der R\u00fcckbau der alten Treppenstufen ist bereits erfolgt und aktuell werden die Bestandsleitungen sorgsam freigelegt und der Untergrund f\u00fcr das neue Fundament des Warteh\u00e4uschen vorbereitet. In diesem Zuge wird auch eine neue Stromleitung eingezogen, um das neue Warteh\u00e4uschen zu elektrifizieren.<\/p>\n<p>Die Arbeiten erfolgen planm\u00e4\u00dfig und sollen bis zum 16.05.2023 vollst\u00e4ndig abgeschlossen sein.<\/p>\n<p>&nbsp;<\/p>\n","protected":false},"excerpt":{"rendered":"<p>(Jena, den 24.04.2023 \/ UB \/ SvM) Die Arbeiten an der Bushaltestelle \u201eUniversit\u00e4tsklinikum\u201c auf H\u00f6he des Salvador-Allende-Platzes haben am 17.04.2023 begonnen. Der Kraft-&hellip;<\/p>\n","protected":false},"author":8,"featured_media":1250,"comment_status":"open","ping_status":"closed","sticky":false,"template":"","format":"standard","meta":{"footnotes":""},"categories":[1,30],"tags":[],"class_list":["post-1249","post","type-post","status-publish","format-standard","has-post-thumbnail","hentry","category-allgemein","category-bruecke-erlanger-allee-2-bauabschnitt"],"_links":{"self":[{"href":"https:\/\/blog.jena.de\/baustellen\/wp-json\/wp\/v2\/posts\/1249","targetHints":{"allow":["GET"]}}],"collection":[{"href":"https:\/\/blog.jena.de\/baustellen\/wp-json\/wp\/v2\/posts"}],"about":[{"href":"https:\/\/blog.jena.de\/baustellen\/wp-json\/wp\/v2\/types\/post"}],"author":[{"embeddable":true,"href":"https:\/\/blog.jena.de\/baustellen\/wp-json\/wp\/v2\/users\/8"}],"replies":[{"embeddable":true,"href":"https:\/\/blog.jena.de\/baustellen\/wp-json\/wp\/v2\/comments?post=1249"}],"version-history":[{"count":3,"href":"https:\/\/blog.jena.de\/baustellen\/wp-json\/wp\/v2\/posts\/1249\/revisions"}],"predecessor-version":[{"id":1265,"href":"https:\/\/blog.jena.de\/baustellen\/wp-json\/wp\/v2\/posts\/1249\/revisions\/1265"}],"wp:featuredmedia":[{"embeddable":true,"href":"https:\/\/blog.jena.de\/baustellen\/wp-json\/wp\/v2\/media\/1250"}],"wp:attachment":[{"href":"https:\/\/blog.jena.de\/baustellen\/wp-json\/wp\/v2\/media?parent=1249"}],"wp:term":[{"taxonomy":"category","embeddable":true,"href":"https:\/\/blog.jena.de\/baustellen\/wp-json\/wp\/v2\/categories?post=1249"},{"taxonomy":"post_tag","embeddable":true,"href":"https:\/\/blog.jena.de\/baustellen\/wp-json\/wp\/v2\/tags?post=1249"}],"curies":[{"name":"wp","href":"https:\/\/api.w.org\/{rel}","templated":true}]}}