{"id":1225,"date":"2023-02-10T11:39:02","date_gmt":"2023-02-10T10:39:02","guid":{"rendered":"https:\/\/blog.jena.de\/baustellen\/?p=1225"},"modified":"2023-02-10T11:50:43","modified_gmt":"2023-02-10T10:50:43","slug":"radweghauptverbindung-oberaue","status":"publish","type":"post","link":"https:\/\/blog.jena.de\/baustellen\/2023\/02\/10\/radweghauptverbindung-oberaue\/","title":{"rendered":"Radweghauptverbindung \u201eOberaue\u201c"},"content":{"rendered":"\n<p>(Jena, den 10.02.2023 \/ AB \/ SvM) Der Abschnitt der Radweghauptverbindung \u201eOberaue\u201c ist stark durch den Radverkehr frequentiert. Er geh\u00f6rt zum Saaleradweg und ist eine der Hauptachsen f\u00fcr den Radverkehr stadtein-, sowie stadtausw\u00e4rts. Der Abschnitt der Radweghauptverbindung \u201eOberaue\u201c liegt \u00f6stlich des Stadiongel\u00e4ndes, im Bereich zwischen der neu errichteten S\u00fcdzufahrt und dem nord\u00f6stlichen Abzweig des Roland-Ducke-Weges. &nbsp;<\/p>\n\n\n\n<p>Es ist ein grundhafter Ausbau der Radweghauptverbindung \u00f6stlich des Stadions, inklusive Hauptzufahrt, durchzuf\u00fchren. Der Baubereich zwische S\u00fcdzufahrt und Hauptzufahrt wurde 2022 fertiggestellt. F\u00fcr das Jahr 2023 ist der Bereich von Hauptzufahrt bis Roland-Ducke-Weg geplant.<\/p>\n\n\n\n<p>Die Bauarbeiten starten am 20.02.2023 und enden voraussichtlich im August 2023.<\/p>\n","protected":false},"excerpt":{"rendered":"<p>(Jena, den 10.02.2023 \/ AB \/ SvM) Der Abschnitt der Radweghauptverbindung \u201eOberaue\u201c ist stark durch den Radverkehr frequentiert. Er geh\u00f6rt zum Saaleradweg und&hellip;<\/p>\n","protected":false},"author":8,"featured_media":1226,"comment_status":"open","ping_status":"closed","sticky":false,"template":"","format":"standard","meta":{"footnotes":""},"categories":[1,26],"tags":[],"class_list":["post-1225","post","type-post","status-publish","format-standard","has-post-thumbnail","hentry","category-allgemein","category-umbau-ernst-abbe-sportfeld-radweghauptverbindung-mit-hauptzufahrt"],"_links":{"self":[{"href":"https:\/\/blog.jena.de\/baustellen\/wp-json\/wp\/v2\/posts\/1225","targetHints":{"allow":["GET"]}}],"collection":[{"href":"https:\/\/blog.jena.de\/baustellen\/wp-json\/wp\/v2\/posts"}],"about":[{"href":"https:\/\/blog.jena.de\/baustellen\/wp-json\/wp\/v2\/types\/post"}],"author":[{"embeddable":true,"href":"https:\/\/blog.jena.de\/baustellen\/wp-json\/wp\/v2\/users\/8"}],"replies":[{"embeddable":true,"href":"https:\/\/blog.jena.de\/baustellen\/wp-json\/wp\/v2\/comments?post=1225"}],"version-history":[{"count":2,"href":"https:\/\/blog.jena.de\/baustellen\/wp-json\/wp\/v2\/posts\/1225\/revisions"}],"predecessor-version":[{"id":1234,"href":"https:\/\/blog.jena.de\/baustellen\/wp-json\/wp\/v2\/posts\/1225\/revisions\/1234"}],"wp:featuredmedia":[{"embeddable":true,"href":"https:\/\/blog.jena.de\/baustellen\/wp-json\/wp\/v2\/media\/1226"}],"wp:attachment":[{"href":"https:\/\/blog.jena.de\/baustellen\/wp-json\/wp\/v2\/media?parent=1225"}],"wp:term":[{"taxonomy":"category","embeddable":true,"href":"https:\/\/blog.jena.de\/baustellen\/wp-json\/wp\/v2\/categories?post=1225"},{"taxonomy":"post_tag","embeddable":true,"href":"https:\/\/blog.jena.de\/baustellen\/wp-json\/wp\/v2\/tags?post=1225"}],"curies":[{"name":"wp","href":"https:\/\/api.w.org\/{rel}","templated":true}]}}