{"id":1177,"date":"2022-06-08T06:36:13","date_gmt":"2022-06-08T04:36:13","guid":{"rendered":"https:\/\/blog.jena.de\/baustellen\/?p=1177"},"modified":"2022-06-17T06:59:06","modified_gmt":"2022-06-17T04:59:06","slug":"neubau-der-ammerbachbruecke-ahornstrasse-beginnt-im-juni","status":"publish","type":"post","link":"https:\/\/blog.jena.de\/baustellen\/2022\/06\/08\/neubau-der-ammerbachbruecke-ahornstrasse-beginnt-im-juni\/","title":{"rendered":"Neubau der Ammerbachbr\u00fccke Ahornstra\u00dfe beginnt im Juni"},"content":{"rendered":"\n<p>(Jena, den 08.06.2022 \/ MW \/ SvM) Der Kommunalservice Jena informiert \u00fcber die Vergabe der Bauleistung an die Fa. TS BAU GmbH aus Jena. Der Beginn der Arbeiten ist auf Juni terminiert. Einschr\u00e4nkungen hinsichtlich der Versorgung oder Zuwegung sind nur im unmittelbaren Baustellenbereich zu erwarten. Die betroffenen Anwohner werden per Postwurfsendung in den n\u00e4chsten Tagen pers\u00f6nlich benachrichtigt.<\/p>\n\n\n\n<p>F\u00fcr den Durchgangsverkehr ergeben sich mit Baustellenbeginn folgende Einschr\u00e4nkung: Die Ahornstra\u00dfe wird im Bereich der Hausnummer 1-4 gesperrt sein. Bitte beachten Sie die \u00f6rtlichen Umleitungsbeschilderung.<\/p>\n\n\n","protected":false},"excerpt":{"rendered":"<p>(Jena, den 08.06.2022 \/ MW \/ SvM) Der Kommunalservice Jena informiert \u00fcber die Vergabe der Bauleistung an die Fa. TS BAU GmbH aus&hellip;<\/p>\n","protected":false},"author":8,"featured_media":1183,"comment_status":"open","ping_status":"closed","sticky":false,"template":"","format":"standard","meta":{"footnotes":""},"categories":[1,24],"tags":[],"class_list":["post-1177","post","type-post","status-publish","format-standard","has-post-thumbnail","hentry","category-allgemein","category-ahoernstrasse"],"_links":{"self":[{"href":"https:\/\/blog.jena.de\/baustellen\/wp-json\/wp\/v2\/posts\/1177","targetHints":{"allow":["GET"]}}],"collection":[{"href":"https:\/\/blog.jena.de\/baustellen\/wp-json\/wp\/v2\/posts"}],"about":[{"href":"https:\/\/blog.jena.de\/baustellen\/wp-json\/wp\/v2\/types\/post"}],"author":[{"embeddable":true,"href":"https:\/\/blog.jena.de\/baustellen\/wp-json\/wp\/v2\/users\/8"}],"replies":[{"embeddable":true,"href":"https:\/\/blog.jena.de\/baustellen\/wp-json\/wp\/v2\/comments?post=1177"}],"version-history":[{"count":2,"href":"https:\/\/blog.jena.de\/baustellen\/wp-json\/wp\/v2\/posts\/1177\/revisions"}],"predecessor-version":[{"id":1184,"href":"https:\/\/blog.jena.de\/baustellen\/wp-json\/wp\/v2\/posts\/1177\/revisions\/1184"}],"wp:featuredmedia":[{"embeddable":true,"href":"https:\/\/blog.jena.de\/baustellen\/wp-json\/wp\/v2\/media\/1183"}],"wp:attachment":[{"href":"https:\/\/blog.jena.de\/baustellen\/wp-json\/wp\/v2\/media?parent=1177"}],"wp:term":[{"taxonomy":"category","embeddable":true,"href":"https:\/\/blog.jena.de\/baustellen\/wp-json\/wp\/v2\/categories?post=1177"},{"taxonomy":"post_tag","embeddable":true,"href":"https:\/\/blog.jena.de\/baustellen\/wp-json\/wp\/v2\/tags?post=1177"}],"curies":[{"name":"wp","href":"https:\/\/api.w.org\/{rel}","templated":true}]}}