{"id":1138,"date":"2021-10-15T13:48:43","date_gmt":"2021-10-15T11:48:43","guid":{"rendered":"https:\/\/blog.jena.de\/baustellen\/?p=1138"},"modified":"2021-10-15T13:48:43","modified_gmt":"2021-10-15T11:48:43","slug":"fertigstellung-brueckenrohbau-wird-fuer-anfang-dezember-2021-avisiert","status":"publish","type":"post","link":"https:\/\/blog.jena.de\/baustellen\/2021\/10\/15\/fertigstellung-brueckenrohbau-wird-fuer-anfang-dezember-2021-avisiert\/","title":{"rendered":"Fertigstellung Br\u00fcckenrohbau wird f\u00fcr Anfang Dezember 2021 avisiert"},"content":{"rendered":"\n<p>(Jena, den 15.10.2021 \/ MW \/ SvM) Nach anf\u00e4nglichen Schwierigkeiten gewinnt der Baufortschritt an der neuen Leutrabr\u00fccke \u201eVor dem Neutor\u201c an Fahrt. Mit Fertigstellung der Bodenplatte in dieser Woche ist die Basis f\u00fcr einen optimierten Bauablauf geschaffen. Schon zweimal mussten die Arbeiten unterbrochen und die Baustelle neu eingerichtet werden, weil die Leutra in diesem Sommer \u00fcberdurchschnittlich viel Wasser f\u00fchrte. Die Gr\u00fcndungssohle der neuen Br\u00fccke liegt ca. 1 Meter unter dem Grundwasserspiegel und bildet damit ein Bassin, welches bei \u00fcberm\u00e4\u00dfigem Wasserandrang notgedrungen geflutet wird. Mit dem jetzt erreichten Bautenstand sind \u00e4hnliche Ereignisse weniger folgenschwer.<\/p>\n\n\n\n<p>Die eingangs genannten Starkregenereignisse und weitere unvorhersehbare Schwierigkeiten im Baugrund haben insgesamt zu einer Verz\u00f6gerung im Bauablauf gef\u00fchrt, die nicht mehr zu kompensieren sind. Gemeinsam mit dem Baubetrieb haben wir nach L\u00f6sungsm\u00f6glichkeiten gesucht, welche die Fertigstellung des Betonbaus bis Anfang Dezember sicherstellen sollen. Diese \u00c4nderungen im Bauablauf haben Auswirkungen auf den Schienenersatzverkehr. Dieser wird noch bis Mitte Dezember aufrechterhalten werden m\u00fcssen.<\/p>\n","protected":false},"excerpt":{"rendered":"<p>(Jena, den 15.10.2021 \/ MW \/ SvM) Nach anf\u00e4nglichen Schwierigkeiten gewinnt der Baufortschritt an der neuen Leutrabr\u00fccke \u201eVor dem Neutor\u201c an Fahrt. Mit&hellip;<\/p>\n","protected":false},"author":8,"featured_media":1139,"comment_status":"open","ping_status":"closed","sticky":false,"template":"","format":"standard","meta":{"footnotes":""},"categories":[1,22],"tags":[],"class_list":["post-1138","post","type-post","status-publish","format-standard","has-post-thumbnail","hentry","category-allgemein","category-leutrabruecke-vor-dem-neutor"],"_links":{"self":[{"href":"https:\/\/blog.jena.de\/baustellen\/wp-json\/wp\/v2\/posts\/1138","targetHints":{"allow":["GET"]}}],"collection":[{"href":"https:\/\/blog.jena.de\/baustellen\/wp-json\/wp\/v2\/posts"}],"about":[{"href":"https:\/\/blog.jena.de\/baustellen\/wp-json\/wp\/v2\/types\/post"}],"author":[{"embeddable":true,"href":"https:\/\/blog.jena.de\/baustellen\/wp-json\/wp\/v2\/users\/8"}],"replies":[{"embeddable":true,"href":"https:\/\/blog.jena.de\/baustellen\/wp-json\/wp\/v2\/comments?post=1138"}],"version-history":[{"count":1,"href":"https:\/\/blog.jena.de\/baustellen\/wp-json\/wp\/v2\/posts\/1138\/revisions"}],"predecessor-version":[{"id":1140,"href":"https:\/\/blog.jena.de\/baustellen\/wp-json\/wp\/v2\/posts\/1138\/revisions\/1140"}],"wp:featuredmedia":[{"embeddable":true,"href":"https:\/\/blog.jena.de\/baustellen\/wp-json\/wp\/v2\/media\/1139"}],"wp:attachment":[{"href":"https:\/\/blog.jena.de\/baustellen\/wp-json\/wp\/v2\/media?parent=1138"}],"wp:term":[{"taxonomy":"category","embeddable":true,"href":"https:\/\/blog.jena.de\/baustellen\/wp-json\/wp\/v2\/categories?post=1138"},{"taxonomy":"post_tag","embeddable":true,"href":"https:\/\/blog.jena.de\/baustellen\/wp-json\/wp\/v2\/tags?post=1138"}],"curies":[{"name":"wp","href":"https:\/\/api.w.org\/{rel}","templated":true}]}}