{"id":1002,"date":"2020-08-25T12:52:24","date_gmt":"2020-08-25T10:52:24","guid":{"rendered":"https:\/\/blog.jena.de\/baustellen\/?p=1002"},"modified":"2020-08-25T12:52:25","modified_gmt":"2020-08-25T10:52:25","slug":"informationen-zum-weiteren-bauablauf-in-der-naumburger-strasse","status":"publish","type":"post","link":"https:\/\/blog.jena.de\/baustellen\/2020\/08\/25\/informationen-zum-weiteren-bauablauf-in-der-naumburger-strasse\/","title":{"rendered":"Informationen zum weiteren Bauablauf in der Naumburger Stra\u00dfe"},"content":{"rendered":"\n<p>Seit 30.06.2020 kann die Naumburger Stra\u00dfe bis zur Kreuzung Steinbach aus Richtung Stadtzentrum kommend wieder befahren werden. Eine Durchfahrtsm\u00f6glichkeit in Richtung Zw\u00e4tzen ab Kreuzung Steinbach ist gegenw\u00e4rtig wegen noch nicht abgeschlossener Bauarbeiten leider nicht m\u00f6glich. Jedoch ist L\u00f6bstedt nun wieder \u00fcber die vorhandenen Anbindungen \u201eAm Plan\u201c und \u201eAm Teich\u201c f\u00fcr den Fahrzeugverkehr aus Richtung Stadtzentrum erreichbar.<\/p>\n<p>Wegen der bisher nicht abgeschlossenen Gleis- und Stra\u00dfenbauarbeiten, insbesondere zwischen Flurweg und Maria-Pawlowna-Stra\u00dfe, kann die bisherige Umleitungsstrecke \u00fcber den Schreckenbachweg nicht mehr genutzt werden.<\/p>\n<p>Eine neue Umleitungsstrecke, auch f\u00fcr den Schienenersatzverkehr der JNV, ist \u00fcber die Br\u00fcckenstra\u00dfe \u2013 Wiesenstra\u00dfen \u2013 Am Steinbach \u2013 Rautal \u2013 Kuithanstra\u00dfe \u2013 Zitzmannstra\u00dfe zur Dornburger Stra\u00dfe eingerichtet.<\/p>\n<p>Intensiv werden derzeit zwischen der Stra\u00dfe \u201eAm Plan\u201c und dem Bauende Maria-Pawlowna-Stra\u00dfe die Gleis- und Stra\u00dfenbauarbeiten weitergef\u00fchrt. Im Rahmen der Stra\u00dfenbauarbeiten erfolge die abschnittsweise Herstellung der Gehwege in der Naumburger Stra\u00dfe einschlie\u00dflich der Errichtung der neuen Stra\u00dfenbahnhaltestelle \u201eFlurweg\u201c sowie die Anbindung der neu verlegten Stra\u00dfenbahngleise an das vorhandene Gleis mittels einer Weiche mit abschlie\u00dfender Errichtung der Naumburger Stra\u00dfe in diesem Bereich. Der Probebetrieb der Stra\u00dfenbahn ist bereits aufgenommen.<\/p>\n<p>F\u00fcr die die unmittelbar von der Bauma\u00dfnahme betroffenen Anwohner und Anlieger in der Naumburger Stra\u00dfe ergeben mit der Fertigstellung der Grundst\u00fcckszufahrten und des westlichen Gehwegs erhebliche Verbesserungen bez\u00fcglich der Erreichbarkeit ihrer Grundst\u00fccke.<\/p>\n<p>Derzeit werden gro\u00dfe Anstrengungen unternommen, um zun\u00e4chst den fahrplanm\u00e4\u00dfigen Stra\u00dfenbahnbetrieb aufnehmen zu k\u00f6nnen. Die Freigabe der Naumburger Stra\u00dfe f\u00fcr den Kraftfahrzeugverkehr erfolgt dann nach Abschluss der Bauarbeiten im September. BB\/CD<\/p>\n","protected":false},"excerpt":{"rendered":"<p>Seit 30.06.2020 kann die Naumburger Stra\u00dfe bis zur Kreuzung Steinbach aus Richtung Stadtzentrum kommend wieder befahren werden. Eine Durchfahrtsm\u00f6glichkeit in Richtung Zw\u00e4tzen ab&hellip;<\/p>\n","protected":false},"author":8,"featured_media":674,"comment_status":"open","ping_status":"closed","sticky":false,"template":"","format":"standard","meta":{"footnotes":""},"categories":[14],"tags":[],"class_list":["post-1002","post","type-post","status-publish","format-standard","has-post-thumbnail","hentry","category-strassenbahnverlaengerung-nord-naumburger-strasse"],"_links":{"self":[{"href":"https:\/\/blog.jena.de\/baustellen\/wp-json\/wp\/v2\/posts\/1002","targetHints":{"allow":["GET"]}}],"collection":[{"href":"https:\/\/blog.jena.de\/baustellen\/wp-json\/wp\/v2\/posts"}],"about":[{"href":"https:\/\/blog.jena.de\/baustellen\/wp-json\/wp\/v2\/types\/post"}],"author":[{"embeddable":true,"href":"https:\/\/blog.jena.de\/baustellen\/wp-json\/wp\/v2\/users\/8"}],"replies":[{"embeddable":true,"href":"https:\/\/blog.jena.de\/baustellen\/wp-json\/wp\/v2\/comments?post=1002"}],"version-history":[{"count":2,"href":"https:\/\/blog.jena.de\/baustellen\/wp-json\/wp\/v2\/posts\/1002\/revisions"}],"predecessor-version":[{"id":1004,"href":"https:\/\/blog.jena.de\/baustellen\/wp-json\/wp\/v2\/posts\/1002\/revisions\/1004"}],"wp:featuredmedia":[{"embeddable":true,"href":"https:\/\/blog.jena.de\/baustellen\/wp-json\/wp\/v2\/media\/674"}],"wp:attachment":[{"href":"https:\/\/blog.jena.de\/baustellen\/wp-json\/wp\/v2\/media?parent=1002"}],"wp:term":[{"taxonomy":"category","embeddable":true,"href":"https:\/\/blog.jena.de\/baustellen\/wp-json\/wp\/v2\/categories?post=1002"},{"taxonomy":"post_tag","embeddable":true,"href":"https:\/\/blog.jena.de\/baustellen\/wp-json\/wp\/v2\/tags?post=1002"}],"curies":[{"name":"wp","href":"https:\/\/api.w.org\/{rel}","templated":true}]}}