{"id":5,"count":9,"description":"Grundhafter Ausbau der Leipziger Stra\u00dfe von der Scharnhorststra\u00dfe zur Friedrich-Wolf-Stra\u00dfe und vom Emil-H\u00f6llein-Platz zur Camburger Stra\u00dfe. Die Bauzeit ist vorgesehen von April 2017 bis Juli 2018.","link":"https:\/\/blog.jena.de\/baustellen\/category\/leipziger-strasse\/","name":"Leipziger Stra\u00dfe","slug":"leipziger-strasse","taxonomy":"category","parent":0,"meta":[],"_links":{"self":[{"href":"https:\/\/blog.jena.de\/baustellen\/wp-json\/wp\/v2\/categories\/5","targetHints":{"allow":["GET"]}}],"collection":[{"href":"https:\/\/blog.jena.de\/baustellen\/wp-json\/wp\/v2\/categories"}],"about":[{"href":"https:\/\/blog.jena.de\/baustellen\/wp-json\/wp\/v2\/taxonomies\/category"}],"wp:post_type":[{"href":"https:\/\/blog.jena.de\/baustellen\/wp-json\/wp\/v2\/posts?categories=5"}],"curies":[{"name":"wp","href":"https:\/\/api.w.org\/{rel}","templated":true}]}}